{"id":1940,"date":"2018-04-15T12:23:43","date_gmt":"2018-04-15T10:23:43","guid":{"rendered":"http:\/\/szentistvan.dnyem.hu\/?p=1940"},"modified":"2018-04-29T10:57:17","modified_gmt":"2018-04-29T08:57:17","slug":"egyhazkozsegi-majalis-3","status":"publish","type":"post","link":"https:\/\/szentistvan.dnyem.hu\/?p=1940","title":{"rendered":"Egyh\u00e1zk\u00f6zs\u00e9gi maj\u00e1lis"},"content":{"rendered":"<p>Id\u00e9n is megrendezz\u00fck az egyh\u00e1zk\u00f6zs\u00e9gi maj\u00e1list. <strong>Id\u0151pont: m\u00e1jus elseje (kedd).<\/strong><\/p>\n<p>A hagyom\u00e1nyoknak megfelel\u0151en <strong>szentmis\u00e9vel kezd\u0151dik a nap, 9:30-kor,<\/strong> majd azt k\u00f6vet\u0151en k\u00fcl\u00f6nb\u00f6z\u0151 programok, lehet\u0151s\u00e9gek v\u00e1rnak benn\u00fcnket, gyerekeket \u00e9s feln\u0151tteket egyar\u00e1nt.<\/p>\n<p>K\u00e9rem a kedves testv\u00e9reket, hogy iratkozzanak fel.<\/p>\n<p>Aki megteheti \u00e9s van r\u00e1 lehet\u0151s\u00e9ge, s\u00fctem\u00e9nnyel hozz\u00e1j\u00e1rulhat a programhoz. Isten fizesse meg mindenkinek!<\/p>\n<p>A tal\u00e1lkoz\u00e1s rem\u00e9ny\u00e9ben h\u00edvunk \u00e9s v\u00e1runk mindenkit!<\/p>\n","protected":false},"excerpt":{"rendered":"<p>Id\u00e9n is megrendezz\u00fck az egyh\u00e1zk\u00f6zs\u00e9gi maj\u00e1list. Id\u0151pont: m\u00e1jus elseje (kedd). A hagyom\u00e1nyoknak megfelel\u0151en szentmis\u00e9vel kezd\u0151dik a nap, 9:30-kor, majd azt k\u00f6vet\u0151en k\u00fcl\u00f6nb\u00f6z\u0151 programok, lehet\u0151s\u00e9gek v\u00e1rnak&#8230;<\/p>\n","protected":false},"author":2,"featured_media":0,"comment_status":"closed","ping_status":"open","sticky":false,"template":"","format":"standard","meta":[],"categories":[2],"tags":[],"_links":{"self":[{"href":"https:\/\/szentistvan.dnyem.hu\/index.php?rest_route=\/wp\/v2\/posts\/1940"}],"collection":[{"href":"https:\/\/szentistvan.dnyem.hu\/index.php?rest_route=\/wp\/v2\/posts"}],"about":[{"href":"https:\/\/szentistvan.dnyem.hu\/index.php?rest_route=\/wp\/v2\/types\/post"}],"author":[{"embeddable":true,"href":"https:\/\/szentistvan.dnyem.hu\/index.php?rest_route=\/wp\/v2\/users\/2"}],"replies":[{"embeddable":true,"href":"https:\/\/szentistvan.dnyem.hu\/index.php?rest_route=%2Fwp%2Fv2%2Fcomments&post=1940"}],"version-history":[{"count":3,"href":"https:\/\/szentistvan.dnyem.hu\/index.php?rest_route=\/wp\/v2\/posts\/1940\/revisions"}],"predecessor-version":[{"id":1960,"href":"https:\/\/szentistvan.dnyem.hu\/index.php?rest_route=\/wp\/v2\/posts\/1940\/revisions\/1960"}],"wp:attachment":[{"href":"https:\/\/szentistvan.dnyem.hu\/index.php?rest_route=%2Fwp%2Fv2%2Fmedia&parent=1940"}],"wp:term":[{"taxonomy":"category","embeddable":true,"href":"https:\/\/szentistvan.dnyem.hu\/index.php?rest_route=%2Fwp%2Fv2%2Fcategories&post=1940"},{"taxonomy":"post_tag","embeddable":true,"href":"https:\/\/szentistvan.dnyem.hu\/index.php?rest_route=%2Fwp%2Fv2%2Ftags&post=1940"}],"curies":[{"name":"wp","href":"https:\/\/api.w.org\/{rel}","templated":true}]}}