{"id":1928,"date":"2018-04-10T22:18:52","date_gmt":"2018-04-10T20:18:52","guid":{"rendered":"http:\/\/szentistvan.dnyem.hu\/?p=1928"},"modified":"2018-04-10T22:18:52","modified_gmt":"2018-04-10T20:18:52","slug":"isteni-irgalmassag-vasarnapja","status":"publish","type":"post","link":"https:\/\/szentistvan.dnyem.hu\/?p=1928","title":{"rendered":"Isteni irgalmass\u00e1g vas\u00e1rnapja"},"content":{"rendered":"<p>\u00c1prilis 8-\u00e1n van az <a href=\"https:\/\/www.magyarkurir.hu\/hirek\/az-isteni-irgalmassag-vasarnapja-ezen-napon-megnyilik-irgalmam-melysege\">Isteni Irgalmass\u00e1g Vas\u00e1rnapja<\/a>.<\/p>\n<p>Adjunk h\u00e1l\u00e1t \u00e9s k\u00f6sz\u00f6nj\u00fck meg Isten v\u00e9gtelen irgalm\u00e1t \u00e9s szeretet\u00e9t!<\/p>\n","protected":false},"excerpt":{"rendered":"<p>\u00c1prilis 8-\u00e1n van az Isteni Irgalmass\u00e1g Vas\u00e1rnapja. Adjunk h\u00e1l\u00e1t \u00e9s k\u00f6sz\u00f6nj\u00fck meg Isten v\u00e9gtelen irgalm\u00e1t \u00e9s szeretet\u00e9t!<\/p>\n","protected":false},"author":2,"featured_media":0,"comment_status":"closed","ping_status":"open","sticky":false,"template":"","format":"standard","meta":[],"categories":[1,9],"tags":[],"_links":{"self":[{"href":"https:\/\/szentistvan.dnyem.hu\/index.php?rest_route=\/wp\/v2\/posts\/1928"}],"collection":[{"href":"https:\/\/szentistvan.dnyem.hu\/index.php?rest_route=\/wp\/v2\/posts"}],"about":[{"href":"https:\/\/szentistvan.dnyem.hu\/index.php?rest_route=\/wp\/v2\/types\/post"}],"author":[{"embeddable":true,"href":"https:\/\/szentistvan.dnyem.hu\/index.php?rest_route=\/wp\/v2\/users\/2"}],"replies":[{"embeddable":true,"href":"https:\/\/szentistvan.dnyem.hu\/index.php?rest_route=%2Fwp%2Fv2%2Fcomments&post=1928"}],"version-history":[{"count":1,"href":"https:\/\/szentistvan.dnyem.hu\/index.php?rest_route=\/wp\/v2\/posts\/1928\/revisions"}],"predecessor-version":[{"id":1929,"href":"https:\/\/szentistvan.dnyem.hu\/index.php?rest_route=\/wp\/v2\/posts\/1928\/revisions\/1929"}],"wp:attachment":[{"href":"https:\/\/szentistvan.dnyem.hu\/index.php?rest_route=%2Fwp%2Fv2%2Fmedia&parent=1928"}],"wp:term":[{"taxonomy":"category","embeddable":true,"href":"https:\/\/szentistvan.dnyem.hu\/index.php?rest_route=%2Fwp%2Fv2%2Fcategories&post=1928"},{"taxonomy":"post_tag","embeddable":true,"href":"https:\/\/szentistvan.dnyem.hu\/index.php?rest_route=%2Fwp%2Fv2%2Ftags&post=1928"}],"curies":[{"name":"wp","href":"https:\/\/api.w.org\/{rel}","templated":true}]}}