{"id":1918,"date":"2018-04-01T14:50:35","date_gmt":"2018-04-01T12:50:35","guid":{"rendered":"http:\/\/szentistvan.dnyem.hu\/?p=1918"},"modified":"2018-04-01T14:50:35","modified_gmt":"2018-04-01T12:50:35","slug":"ministrans-talalkozo","status":"publish","type":"post","link":"https:\/\/szentistvan.dnyem.hu\/?p=1918","title":{"rendered":"Ministr\u00e1ns tal\u00e1lkoz\u00f3"},"content":{"rendered":"<p>Ministr\u00e1ns tal\u00e1lkoz\u00f3 lesz <strong>2018. \u00e1prilis 7-\u00e9n a ny\u00edregyh\u00e1zi Szent Imre Gimn\u00e1ziumban<\/strong>.<\/p>\n<p>H\u00edvom \u00e9s v\u00e1rom a ministr\u00e1nsokat, jelentkezni a h\u00fasv\u00e9th\u00e9tf\u0151i (\u00e1prilis 2-i) szentmise v\u00e9g\u00e9ig lehet.<\/p>\n","protected":false},"excerpt":{"rendered":"<p>Ministr\u00e1ns tal\u00e1lkoz\u00f3 lesz 2018. \u00e1prilis 7-\u00e9n a ny\u00edregyh\u00e1zi Szent Imre Gimn\u00e1ziumban. H\u00edvom \u00e9s v\u00e1rom a ministr\u00e1nsokat, jelentkezni a h\u00fasv\u00e9th\u00e9tf\u0151i (\u00e1prilis 2-i) szentmise v\u00e9g\u00e9ig lehet.<\/p>\n","protected":false},"author":2,"featured_media":0,"comment_status":"closed","ping_status":"open","sticky":false,"template":"","format":"standard","meta":[],"categories":[2],"tags":[],"_links":{"self":[{"href":"https:\/\/szentistvan.dnyem.hu\/index.php?rest_route=\/wp\/v2\/posts\/1918"}],"collection":[{"href":"https:\/\/szentistvan.dnyem.hu\/index.php?rest_route=\/wp\/v2\/posts"}],"about":[{"href":"https:\/\/szentistvan.dnyem.hu\/index.php?rest_route=\/wp\/v2\/types\/post"}],"author":[{"embeddable":true,"href":"https:\/\/szentistvan.dnyem.hu\/index.php?rest_route=\/wp\/v2\/users\/2"}],"replies":[{"embeddable":true,"href":"https:\/\/szentistvan.dnyem.hu\/index.php?rest_route=%2Fwp%2Fv2%2Fcomments&post=1918"}],"version-history":[{"count":1,"href":"https:\/\/szentistvan.dnyem.hu\/index.php?rest_route=\/wp\/v2\/posts\/1918\/revisions"}],"predecessor-version":[{"id":1919,"href":"https:\/\/szentistvan.dnyem.hu\/index.php?rest_route=\/wp\/v2\/posts\/1918\/revisions\/1919"}],"wp:attachment":[{"href":"https:\/\/szentistvan.dnyem.hu\/index.php?rest_route=%2Fwp%2Fv2%2Fmedia&parent=1918"}],"wp:term":[{"taxonomy":"category","embeddable":true,"href":"https:\/\/szentistvan.dnyem.hu\/index.php?rest_route=%2Fwp%2Fv2%2Fcategories&post=1918"},{"taxonomy":"post_tag","embeddable":true,"href":"https:\/\/szentistvan.dnyem.hu\/index.php?rest_route=%2Fwp%2Fv2%2Ftags&post=1918"}],"curies":[{"name":"wp","href":"https:\/\/api.w.org\/{rel}","templated":true}]}}