{"id":1905,"date":"2018-03-25T21:46:54","date_gmt":"2018-03-25T19:46:54","guid":{"rendered":"http:\/\/szentistvan.dnyem.hu\/?p=1905"},"modified":"2018-03-25T21:46:54","modified_gmt":"2018-03-25T19:46:54","slug":"viragvasarnap-2","status":"publish","type":"post","link":"https:\/\/szentistvan.dnyem.hu\/?p=1905","title":{"rendered":"Vir\u00e1gvas\u00e1rnap"},"content":{"rendered":"<p><strong>\u00dcnnep\u00e9lyes barkaszentel\u00e9s volt m\u00e1rcius 25-\u00e9n, Vir\u00e1gvas\u00e1rnapon, mely\u00a0ut\u00e1n a templomunk \u00e9nekara v\u00e9gigk\u00eds\u00e9rve Krisztust a szenved\u00e9s \u00e9s a felt\u00e1mad\u00e1s \u00fatj\u00e1n a Passi\u00f3t \u00e9nekelte el.\u00a0<\/strong><\/p>\n<p><img loading=\"lazy\" class=\"alignnone size-large wp-image-1906\" src=\"http:\/\/szentistvan.dnyem.hu\/wp-content\/uploads\/2018\/03\/b1-768x1024.jpg\" alt=\"\" width=\"768\" height=\"1024\" srcset=\"https:\/\/szentistvan.dnyem.hu\/wp-content\/uploads\/2018\/03\/b1-768x1024.jpg 768w, https:\/\/szentistvan.dnyem.hu\/wp-content\/uploads\/2018\/03\/b1-405x540.jpg 405w, https:\/\/szentistvan.dnyem.hu\/wp-content\/uploads\/2018\/03\/b1.jpg 1920w\" sizes=\"(max-width: 768px) 100vw, 768px\" \/> <img loading=\"lazy\" class=\"alignnone size-large wp-image-1907\" src=\"http:\/\/szentistvan.dnyem.hu\/wp-content\/uploads\/2018\/03\/b2-768x1024.jpg\" alt=\"\" width=\"768\" height=\"1024\" srcset=\"https:\/\/szentistvan.dnyem.hu\/wp-content\/uploads\/2018\/03\/b2-768x1024.jpg 768w, https:\/\/szentistvan.dnyem.hu\/wp-content\/uploads\/2018\/03\/b2-405x540.jpg 405w, https:\/\/szentistvan.dnyem.hu\/wp-content\/uploads\/2018\/03\/b2.jpg 1920w\" sizes=\"(max-width: 768px) 100vw, 768px\" \/> <img loading=\"lazy\" class=\"alignnone size-large wp-image-1908\" src=\"http:\/\/szentistvan.dnyem.hu\/wp-content\/uploads\/2018\/03\/b3-768x1024.jpg\" alt=\"\" width=\"768\" height=\"1024\" srcset=\"https:\/\/szentistvan.dnyem.hu\/wp-content\/uploads\/2018\/03\/b3-768x1024.jpg 768w, https:\/\/szentistvan.dnyem.hu\/wp-content\/uploads\/2018\/03\/b3-405x540.jpg 405w, https:\/\/szentistvan.dnyem.hu\/wp-content\/uploads\/2018\/03\/b3.jpg 1920w\" sizes=\"(max-width: 768px) 100vw, 768px\" \/><\/p>\n","protected":false},"excerpt":{"rendered":"<p>\u00dcnnep\u00e9lyes barkaszentel\u00e9s volt m\u00e1rcius 25-\u00e9n, Vir\u00e1gvas\u00e1rnapon, mely\u00a0ut\u00e1n a templomunk \u00e9nekara v\u00e9gigk\u00eds\u00e9rve Krisztust a szenved\u00e9s \u00e9s a felt\u00e1mad\u00e1s \u00fatj\u00e1n a Passi\u00f3t \u00e9nekelte el.\u00a0<\/p>\n","protected":false},"author":2,"featured_media":0,"comment_status":"closed","ping_status":"open","sticky":false,"template":"","format":"standard","meta":[],"categories":[5],"tags":[],"_links":{"self":[{"href":"https:\/\/szentistvan.dnyem.hu\/index.php?rest_route=\/wp\/v2\/posts\/1905"}],"collection":[{"href":"https:\/\/szentistvan.dnyem.hu\/index.php?rest_route=\/wp\/v2\/posts"}],"about":[{"href":"https:\/\/szentistvan.dnyem.hu\/index.php?rest_route=\/wp\/v2\/types\/post"}],"author":[{"embeddable":true,"href":"https:\/\/szentistvan.dnyem.hu\/index.php?rest_route=\/wp\/v2\/users\/2"}],"replies":[{"embeddable":true,"href":"https:\/\/szentistvan.dnyem.hu\/index.php?rest_route=%2Fwp%2Fv2%2Fcomments&post=1905"}],"version-history":[{"count":1,"href":"https:\/\/szentistvan.dnyem.hu\/index.php?rest_route=\/wp\/v2\/posts\/1905\/revisions"}],"predecessor-version":[{"id":1909,"href":"https:\/\/szentistvan.dnyem.hu\/index.php?rest_route=\/wp\/v2\/posts\/1905\/revisions\/1909"}],"wp:attachment":[{"href":"https:\/\/szentistvan.dnyem.hu\/index.php?rest_route=%2Fwp%2Fv2%2Fmedia&parent=1905"}],"wp:term":[{"taxonomy":"category","embeddable":true,"href":"https:\/\/szentistvan.dnyem.hu\/index.php?rest_route=%2Fwp%2Fv2%2Fcategories&post=1905"},{"taxonomy":"post_tag","embeddable":true,"href":"https:\/\/szentistvan.dnyem.hu\/index.php?rest_route=%2Fwp%2Fv2%2Ftags&post=1905"}],"curies":[{"name":"wp","href":"https:\/\/api.w.org\/{rel}","templated":true}]}}