{"id":1899,"date":"2018-03-25T20:30:11","date_gmt":"2018-03-25T18:30:11","guid":{"rendered":"http:\/\/szentistvan.dnyem.hu\/?p=1899"},"modified":"2018-03-25T20:30:11","modified_gmt":"2018-03-25T18:30:11","slug":"a-nagyhet-szertartasainak-menete","status":"publish","type":"post","link":"https:\/\/szentistvan.dnyem.hu\/?p=1899","title":{"rendered":"A Nagyh\u00e9t szertart\u00e1sainak menete"},"content":{"rendered":"<p>Templomunkban a <a href=\"http:\/\/lexikon.katolikus.hu\/N\/nagyh%C3%A9t.html\">nagyh\u00e9t<\/a> szertart\u00e1sainak a menete:<\/p>\n<p><a href=\"http:\/\/lexikon.katolikus.hu\/N\/nagyh%C3%A9tf%C5%91.html\"><strong>Nagyh\u00e9tf\u0151:<\/strong><\/a><br \/>\n07:00: szentmise<\/p>\n<p><a href=\"http:\/\/lexikon.katolikus.hu\/N\/nagykedd.html\"><strong>Nagykedd:<\/strong><\/a><br \/>\n18:00: szentmise<\/p>\n<p><a href=\"http:\/\/lexikon.katolikus.hu\/N\/nagyszerda.html\"><strong>Nagyszerda<\/strong>:<\/a><br \/>\n07:00: szentmise<\/p>\n<p><a href=\"http:\/\/lexikon.katolikus.hu\/N\/nagycs%C3%BCt%C3%B6rt%C3%B6k.html\"><strong>Nagycs\u00fct\u00f6rt\u00f6k:<\/strong><\/a><br \/>\n18:00: Utols\u00f3 vacsora eml\u00e9kmis\u00e9je<br \/>\n19:30 &#8211; 21:00: Virraszt\u00e1s<\/p>\n<p><a href=\"http:\/\/lexikon.katolikus.hu\/N\/nagyp%C3%A9ntek.html\"><strong>Nagyp\u00e9ntek:<\/strong><\/a><br \/>\n17:30: Kereszt\u00fat<br \/>\n18:00: Nagyp\u00e9nteki szertart\u00e1s<br \/>\n19:30 &#8211; 20:30: Virraszt\u00e1s<\/p>\n<p><a href=\"http:\/\/lexikon.katolikus.hu\/N\/nagyszombat.html\"><strong>Nagyszombat:<\/strong><\/a><br \/>\n09:00 &#8211; 19:30: Szents\u00e9gim\u00e1d\u00e1s<br \/>\n20:00: H\u00fasv\u00e9ti vig\u00edlia szentmise<\/p>\n<p><a href=\"http:\/\/lexikon.katolikus.hu\/H\/h%C3%BAsv%C3%A9tvas%C3%A1rnap.html\"><strong>H\u00fasv\u00e9tvas\u00e1rnap:<\/strong><\/a><br \/>\n07:00: Szentmise, \u00e9telszentel\u00e9s<br \/>\n09:30: \u00dcnnepi szentmise<\/p>\n<p><a href=\"http:\/\/lexikon.katolikus.hu\/H\/h%C3%BAsv%C3%A9th%C3%A9tf%C5%91.html\">H\u00fasv\u00e9th\u00e9tf\u0151:<\/a><br \/>\n09:30: \u00dcnnepi szentmise<\/p>\n","protected":false},"excerpt":{"rendered":"<p>Templomunkban a nagyh\u00e9t szertart\u00e1sainak a menete: Nagyh\u00e9tf\u0151: 07:00: szentmise Nagykedd: 18:00: szentmise Nagyszerda: 07:00: szentmise Nagycs\u00fct\u00f6rt\u00f6k: 18:00: Utols\u00f3 vacsora eml\u00e9kmis\u00e9je 19:30 &#8211; 21:00: Virraszt\u00e1s Nagyp\u00e9ntek:&#8230;<\/p>\n","protected":false},"author":2,"featured_media":0,"comment_status":"closed","ping_status":"open","sticky":false,"template":"","format":"standard","meta":[],"categories":[9,2],"tags":[],"_links":{"self":[{"href":"https:\/\/szentistvan.dnyem.hu\/index.php?rest_route=\/wp\/v2\/posts\/1899"}],"collection":[{"href":"https:\/\/szentistvan.dnyem.hu\/index.php?rest_route=\/wp\/v2\/posts"}],"about":[{"href":"https:\/\/szentistvan.dnyem.hu\/index.php?rest_route=\/wp\/v2\/types\/post"}],"author":[{"embeddable":true,"href":"https:\/\/szentistvan.dnyem.hu\/index.php?rest_route=\/wp\/v2\/users\/2"}],"replies":[{"embeddable":true,"href":"https:\/\/szentistvan.dnyem.hu\/index.php?rest_route=%2Fwp%2Fv2%2Fcomments&post=1899"}],"version-history":[{"count":1,"href":"https:\/\/szentistvan.dnyem.hu\/index.php?rest_route=\/wp\/v2\/posts\/1899\/revisions"}],"predecessor-version":[{"id":1900,"href":"https:\/\/szentistvan.dnyem.hu\/index.php?rest_route=\/wp\/v2\/posts\/1899\/revisions\/1900"}],"wp:attachment":[{"href":"https:\/\/szentistvan.dnyem.hu\/index.php?rest_route=%2Fwp%2Fv2%2Fmedia&parent=1899"}],"wp:term":[{"taxonomy":"category","embeddable":true,"href":"https:\/\/szentistvan.dnyem.hu\/index.php?rest_route=%2Fwp%2Fv2%2Fcategories&post=1899"},{"taxonomy":"post_tag","embeddable":true,"href":"https:\/\/szentistvan.dnyem.hu\/index.php?rest_route=%2Fwp%2Fv2%2Ftags&post=1899"}],"curies":[{"name":"wp","href":"https:\/\/api.w.org\/{rel}","templated":true}]}}