{"id":1897,"date":"2018-03-25T20:12:45","date_gmt":"2018-03-25T18:12:45","guid":{"rendered":"http:\/\/szentistvan.dnyem.hu\/?p=1897"},"modified":"2018-03-25T20:12:45","modified_gmt":"2018-03-25T18:12:45","slug":"barkaszenteles-es-varosi-okumenikus-keresztutjaras","status":"publish","type":"post","link":"https:\/\/szentistvan.dnyem.hu\/?p=1897","title":{"rendered":"Barkaszentel\u00e9s \u00e9s v\u00e1rosi \u00f6kumenikus kereszt\u00fatj\u00e1r\u00e1s"},"content":{"rendered":"<p><strong>Vir\u00e1gvas\u00e1rnap (m\u00e1rcius 25-\u00e9n) d\u00e9lut\u00e1n 16:00-t\u00f3l a Csap\u00f3 utcai s\u00e9t\u00e1l\u00f3\u00f6vezetben (a F\u00f3rum el\u0151tt)<\/strong> barkaszentel\u00e9s \u00e9s v\u00e1rosi \u00f6kumenikus kereszt\u00fatj\u00e1r\u00e1s.<\/p>\n<p><strong>Pal\u00e1nki Ferenc p\u00fcsp\u00f6k barkaszentel\u00e9si liturgi\u00e1ja ut\u00e1n bibliai kort id\u00e9z\u0151 jelmezesekkel \u00e9rkez\u00fcnk a Kossuth t\u00e9rre, ahonnan elindul a kereszt\u00fat.<\/strong><\/p>\n<p><strong>Az \u00fatvonala Csonka templom \u2013 Megyeh\u00e1za \u2013 Szent Anna-sz\u00e9kesegyh\u00e1z \u2013 Csokonai Sz\u00ednh\u00e1z \u2013 V\u00e1rosh\u00e1za \u2013 Kossuth t\u00e9r.<\/strong><\/p>\n<p><strong>Az \u00e1llom\u00e1shelyeken az elm\u00e9lked\u00e9seket Piros Ildik\u00f3 Kossuth- \u00e9s J\u00e1szai Mari-d\u00edjas sz\u00edn\u00e9szn\u0151, \u00e9rdemes m\u0171v\u00e9sz olvassa fel.<\/strong><\/p>\n","protected":false},"excerpt":{"rendered":"<p>Vir\u00e1gvas\u00e1rnap (m\u00e1rcius 25-\u00e9n) d\u00e9lut\u00e1n 16:00-t\u00f3l a Csap\u00f3 utcai s\u00e9t\u00e1l\u00f3\u00f6vezetben (a F\u00f3rum el\u0151tt) barkaszentel\u00e9s \u00e9s v\u00e1rosi \u00f6kumenikus kereszt\u00fatj\u00e1r\u00e1s. Pal\u00e1nki Ferenc p\u00fcsp\u00f6k barkaszentel\u00e9si liturgi\u00e1ja ut\u00e1n bibliai kort&#8230;<\/p>\n","protected":false},"author":2,"featured_media":0,"comment_status":"closed","ping_status":"open","sticky":false,"template":"","format":"standard","meta":[],"categories":[9,2],"tags":[],"_links":{"self":[{"href":"https:\/\/szentistvan.dnyem.hu\/index.php?rest_route=\/wp\/v2\/posts\/1897"}],"collection":[{"href":"https:\/\/szentistvan.dnyem.hu\/index.php?rest_route=\/wp\/v2\/posts"}],"about":[{"href":"https:\/\/szentistvan.dnyem.hu\/index.php?rest_route=\/wp\/v2\/types\/post"}],"author":[{"embeddable":true,"href":"https:\/\/szentistvan.dnyem.hu\/index.php?rest_route=\/wp\/v2\/users\/2"}],"replies":[{"embeddable":true,"href":"https:\/\/szentistvan.dnyem.hu\/index.php?rest_route=%2Fwp%2Fv2%2Fcomments&post=1897"}],"version-history":[{"count":1,"href":"https:\/\/szentistvan.dnyem.hu\/index.php?rest_route=\/wp\/v2\/posts\/1897\/revisions"}],"predecessor-version":[{"id":1898,"href":"https:\/\/szentistvan.dnyem.hu\/index.php?rest_route=\/wp\/v2\/posts\/1897\/revisions\/1898"}],"wp:attachment":[{"href":"https:\/\/szentistvan.dnyem.hu\/index.php?rest_route=%2Fwp%2Fv2%2Fmedia&parent=1897"}],"wp:term":[{"taxonomy":"category","embeddable":true,"href":"https:\/\/szentistvan.dnyem.hu\/index.php?rest_route=%2Fwp%2Fv2%2Fcategories&post=1897"},{"taxonomy":"post_tag","embeddable":true,"href":"https:\/\/szentistvan.dnyem.hu\/index.php?rest_route=%2Fwp%2Fv2%2Ftags&post=1897"}],"curies":[{"name":"wp","href":"https:\/\/api.w.org\/{rel}","templated":true}]}}