{"id":1887,"date":"2018-03-18T23:33:04","date_gmt":"2018-03-18T21:33:04","guid":{"rendered":"http:\/\/szentistvan.dnyem.hu\/?p=1887"},"modified":"2018-03-18T23:33:04","modified_gmt":"2018-03-18T21:33:04","slug":"csiksomlyoi-bucsu","status":"publish","type":"post","link":"https:\/\/szentistvan.dnyem.hu\/?p=1887","title":{"rendered":"Cs\u00edksomly\u00f3i b\u00facs\u00fa"},"content":{"rendered":"<p>Id\u00e9n is lesz Cs\u00edksomly\u00f3i b\u00facs\u00fa.<\/p>\n<p><strong>Cs\u00edksomly\u00f3 \u00fajra visszav\u00e1r! 2018. m\u00e1jus 17-21-ig.<\/strong><\/p>\n<p>R\u00e9szletes inform\u00e1ci\u00f3, jelentkez\u00e9s: Laczovicsn\u00e9 Szatm\u00e1ri M\u00e1ri\u00e1t\u00f3l k\u00e9rhet\u0151, valamint a hirdet\u0151t\u00e1bl\u00e1n tal\u00e1lhat\u00f3 felh\u00edv\u00e1son olvashat\u00f3.<\/p>\n","protected":false},"excerpt":{"rendered":"<p>Id\u00e9n is lesz Cs\u00edksomly\u00f3i b\u00facs\u00fa. Cs\u00edksomly\u00f3 \u00fajra visszav\u00e1r! 2018. m\u00e1jus 17-21-ig. R\u00e9szletes inform\u00e1ci\u00f3, jelentkez\u00e9s: Laczovicsn\u00e9 Szatm\u00e1ri M\u00e1ri\u00e1t\u00f3l k\u00e9rhet\u0151, valamint a hirdet\u0151t\u00e1bl\u00e1n tal\u00e1lhat\u00f3 felh\u00edv\u00e1son olvashat\u00f3.<\/p>\n","protected":false},"author":2,"featured_media":0,"comment_status":"closed","ping_status":"open","sticky":false,"template":"","format":"standard","meta":[],"categories":[9,2],"tags":[],"_links":{"self":[{"href":"https:\/\/szentistvan.dnyem.hu\/index.php?rest_route=\/wp\/v2\/posts\/1887"}],"collection":[{"href":"https:\/\/szentistvan.dnyem.hu\/index.php?rest_route=\/wp\/v2\/posts"}],"about":[{"href":"https:\/\/szentistvan.dnyem.hu\/index.php?rest_route=\/wp\/v2\/types\/post"}],"author":[{"embeddable":true,"href":"https:\/\/szentistvan.dnyem.hu\/index.php?rest_route=\/wp\/v2\/users\/2"}],"replies":[{"embeddable":true,"href":"https:\/\/szentistvan.dnyem.hu\/index.php?rest_route=%2Fwp%2Fv2%2Fcomments&post=1887"}],"version-history":[{"count":1,"href":"https:\/\/szentistvan.dnyem.hu\/index.php?rest_route=\/wp\/v2\/posts\/1887\/revisions"}],"predecessor-version":[{"id":1888,"href":"https:\/\/szentistvan.dnyem.hu\/index.php?rest_route=\/wp\/v2\/posts\/1887\/revisions\/1888"}],"wp:attachment":[{"href":"https:\/\/szentistvan.dnyem.hu\/index.php?rest_route=%2Fwp%2Fv2%2Fmedia&parent=1887"}],"wp:term":[{"taxonomy":"category","embeddable":true,"href":"https:\/\/szentistvan.dnyem.hu\/index.php?rest_route=%2Fwp%2Fv2%2Fcategories&post=1887"},{"taxonomy":"post_tag","embeddable":true,"href":"https:\/\/szentistvan.dnyem.hu\/index.php?rest_route=%2Fwp%2Fv2%2Ftags&post=1887"}],"curies":[{"name":"wp","href":"https:\/\/api.w.org\/{rel}","templated":true}]}}