{"id":1883,"date":"2018-03-18T23:29:04","date_gmt":"2018-03-18T21:29:04","guid":{"rendered":"http:\/\/szentistvan.dnyem.hu\/?p=1883"},"modified":"2018-03-18T23:29:04","modified_gmt":"2018-03-18T21:29:04","slug":"viragvasarnap","status":"publish","type":"post","link":"https:\/\/szentistvan.dnyem.hu\/?p=1883","title":{"rendered":"Vir\u00e1gvas\u00e1rnap"},"content":{"rendered":"<p><strong>M\u00e1rcius 25-\u00e9n, <a href=\"http:\/\/uj.katolikus.hu\/cikk.php?h=2301\">Vir\u00e1gvas\u00e1rnap<\/a>, elkezd\u0151dik a nagyheti id\u0151szak. \u00dcnnep\u00e9lyes barkaszentel\u00e9s, majd a Passi\u00f3 el\u00e9nekl\u00e9s\u00e9vel v\u00e9gigk\u00eds\u00e9rhetj\u00fck Krisztust a szenved\u00e9s \u00e9s a felt\u00e1mad\u00e1s \u00fatj\u00e1n.<\/strong><\/p>\n","protected":false},"excerpt":{"rendered":"<p>M\u00e1rcius 25-\u00e9n, Vir\u00e1gvas\u00e1rnap, elkezd\u0151dik a nagyheti id\u0151szak. \u00dcnnep\u00e9lyes barkaszentel\u00e9s, majd a Passi\u00f3 el\u00e9nekl\u00e9s\u00e9vel v\u00e9gigk\u00eds\u00e9rhetj\u00fck Krisztust a szenved\u00e9s \u00e9s a felt\u00e1mad\u00e1s \u00fatj\u00e1n.<\/p>\n","protected":false},"author":2,"featured_media":0,"comment_status":"closed","ping_status":"open","sticky":false,"template":"","format":"standard","meta":[],"categories":[9,2],"tags":[],"_links":{"self":[{"href":"https:\/\/szentistvan.dnyem.hu\/index.php?rest_route=\/wp\/v2\/posts\/1883"}],"collection":[{"href":"https:\/\/szentistvan.dnyem.hu\/index.php?rest_route=\/wp\/v2\/posts"}],"about":[{"href":"https:\/\/szentistvan.dnyem.hu\/index.php?rest_route=\/wp\/v2\/types\/post"}],"author":[{"embeddable":true,"href":"https:\/\/szentistvan.dnyem.hu\/index.php?rest_route=\/wp\/v2\/users\/2"}],"replies":[{"embeddable":true,"href":"https:\/\/szentistvan.dnyem.hu\/index.php?rest_route=%2Fwp%2Fv2%2Fcomments&post=1883"}],"version-history":[{"count":1,"href":"https:\/\/szentistvan.dnyem.hu\/index.php?rest_route=\/wp\/v2\/posts\/1883\/revisions"}],"predecessor-version":[{"id":1884,"href":"https:\/\/szentistvan.dnyem.hu\/index.php?rest_route=\/wp\/v2\/posts\/1883\/revisions\/1884"}],"wp:attachment":[{"href":"https:\/\/szentistvan.dnyem.hu\/index.php?rest_route=%2Fwp%2Fv2%2Fmedia&parent=1883"}],"wp:term":[{"taxonomy":"category","embeddable":true,"href":"https:\/\/szentistvan.dnyem.hu\/index.php?rest_route=%2Fwp%2Fv2%2Fcategories&post=1883"},{"taxonomy":"post_tag","embeddable":true,"href":"https:\/\/szentistvan.dnyem.hu\/index.php?rest_route=%2Fwp%2Fv2%2Ftags&post=1883"}],"curies":[{"name":"wp","href":"https:\/\/api.w.org\/{rel}","templated":true}]}}