{"id":1881,"date":"2018-03-18T23:26:55","date_gmt":"2018-03-18T21:26:55","guid":{"rendered":"http:\/\/szentistvan.dnyem.hu\/?p=1881"},"modified":"2018-03-18T23:26:55","modified_gmt":"2018-03-18T21:26:55","slug":"rendhagyo-keresztut","status":"publish","type":"post","link":"https:\/\/szentistvan.dnyem.hu\/?p=1881","title":{"rendered":"Rendhagy\u00f3 kereszt\u00fat"},"content":{"rendered":"<p><strong>M\u00e1rcius 23-\u00e1n, p\u00e9nteken, 17:30-t\u00f3l<\/strong> rendhagy\u00f3 kereszt\u00fat lesz a templomunkban.<\/p>\n<p><strong>Bach: M\u00e1t\u00e9 passi\u00f3j\u00e1nak r\u00e9szleteivel, im\u00e1ds\u00e1gaival \u00e9s vet\u00edtett k\u00e9pekkel elm\u00e9lked\u00fcnk J\u00e9zus szenved\u00e9s\u00e9r\u0151l.<\/strong><\/p>\n<p>H\u00edvjuk \u00e9s v\u00e1rjuk a kedves Testv\u00e9reket!<\/p>\n","protected":false},"excerpt":{"rendered":"<p>M\u00e1rcius 23-\u00e1n, p\u00e9nteken, 17:30-t\u00f3l rendhagy\u00f3 kereszt\u00fat lesz a templomunkban. Bach: M\u00e1t\u00e9 passi\u00f3j\u00e1nak r\u00e9szleteivel, im\u00e1ds\u00e1gaival \u00e9s vet\u00edtett k\u00e9pekkel elm\u00e9lked\u00fcnk J\u00e9zus szenved\u00e9s\u00e9r\u0151l. H\u00edvjuk \u00e9s v\u00e1rjuk a kedves&#8230;<\/p>\n","protected":false},"author":2,"featured_media":0,"comment_status":"closed","ping_status":"open","sticky":false,"template":"","format":"standard","meta":[],"categories":[9,2],"tags":[],"_links":{"self":[{"href":"https:\/\/szentistvan.dnyem.hu\/index.php?rest_route=\/wp\/v2\/posts\/1881"}],"collection":[{"href":"https:\/\/szentistvan.dnyem.hu\/index.php?rest_route=\/wp\/v2\/posts"}],"about":[{"href":"https:\/\/szentistvan.dnyem.hu\/index.php?rest_route=\/wp\/v2\/types\/post"}],"author":[{"embeddable":true,"href":"https:\/\/szentistvan.dnyem.hu\/index.php?rest_route=\/wp\/v2\/users\/2"}],"replies":[{"embeddable":true,"href":"https:\/\/szentistvan.dnyem.hu\/index.php?rest_route=%2Fwp%2Fv2%2Fcomments&post=1881"}],"version-history":[{"count":1,"href":"https:\/\/szentistvan.dnyem.hu\/index.php?rest_route=\/wp\/v2\/posts\/1881\/revisions"}],"predecessor-version":[{"id":1882,"href":"https:\/\/szentistvan.dnyem.hu\/index.php?rest_route=\/wp\/v2\/posts\/1881\/revisions\/1882"}],"wp:attachment":[{"href":"https:\/\/szentistvan.dnyem.hu\/index.php?rest_route=%2Fwp%2Fv2%2Fmedia&parent=1881"}],"wp:term":[{"taxonomy":"category","embeddable":true,"href":"https:\/\/szentistvan.dnyem.hu\/index.php?rest_route=%2Fwp%2Fv2%2Fcategories&post=1881"},{"taxonomy":"post_tag","embeddable":true,"href":"https:\/\/szentistvan.dnyem.hu\/index.php?rest_route=%2Fwp%2Fv2%2Ftags&post=1881"}],"curies":[{"name":"wp","href":"https:\/\/api.w.org\/{rel}","templated":true}]}}