{"id":1866,"date":"2018-02-25T13:05:10","date_gmt":"2018-02-25T11:05:10","guid":{"rendered":"http:\/\/szentistvan.dnyem.hu\/?p=1866"},"modified":"2018-02-25T13:05:10","modified_gmt":"2018-02-25T11:05:10","slug":"karitasz-csoport-bovitese","status":"publish","type":"post","link":"https:\/\/szentistvan.dnyem.hu\/?p=1866","title":{"rendered":"Karit\u00e1sz csoport b\u0151v\u00edt\u00e9se"},"content":{"rendered":"<p><strong>Az Egyh\u00e1zk\u00f6zs\u00e9gi Karit\u00e1sz Csoport szeretettel h\u00edvja \u00e9s v\u00e1rja az \u00faj tagok jelentkez\u00e9s\u00e9t, minden seg\u00edt\u0151 k\u00e9zre. <\/strong><\/p>\n<p>A r\u00e9gi \u00e9s \u00faj tagokra is sz\u00e1m\u00edtunk.<\/p>\n","protected":false},"excerpt":{"rendered":"<p>Az Egyh\u00e1zk\u00f6zs\u00e9gi Karit\u00e1sz Csoport szeretettel h\u00edvja \u00e9s v\u00e1rja az \u00faj tagok jelentkez\u00e9s\u00e9t, minden seg\u00edt\u0151 k\u00e9zre. A r\u00e9gi \u00e9s \u00faj tagokra is sz\u00e1m\u00edtunk.<\/p>\n","protected":false},"author":2,"featured_media":0,"comment_status":"closed","ping_status":"open","sticky":false,"template":"","format":"standard","meta":[],"categories":[1,7],"tags":[],"_links":{"self":[{"href":"https:\/\/szentistvan.dnyem.hu\/index.php?rest_route=\/wp\/v2\/posts\/1866"}],"collection":[{"href":"https:\/\/szentistvan.dnyem.hu\/index.php?rest_route=\/wp\/v2\/posts"}],"about":[{"href":"https:\/\/szentistvan.dnyem.hu\/index.php?rest_route=\/wp\/v2\/types\/post"}],"author":[{"embeddable":true,"href":"https:\/\/szentistvan.dnyem.hu\/index.php?rest_route=\/wp\/v2\/users\/2"}],"replies":[{"embeddable":true,"href":"https:\/\/szentistvan.dnyem.hu\/index.php?rest_route=%2Fwp%2Fv2%2Fcomments&post=1866"}],"version-history":[{"count":1,"href":"https:\/\/szentistvan.dnyem.hu\/index.php?rest_route=\/wp\/v2\/posts\/1866\/revisions"}],"predecessor-version":[{"id":1867,"href":"https:\/\/szentistvan.dnyem.hu\/index.php?rest_route=\/wp\/v2\/posts\/1866\/revisions\/1867"}],"wp:attachment":[{"href":"https:\/\/szentistvan.dnyem.hu\/index.php?rest_route=%2Fwp%2Fv2%2Fmedia&parent=1866"}],"wp:term":[{"taxonomy":"category","embeddable":true,"href":"https:\/\/szentistvan.dnyem.hu\/index.php?rest_route=%2Fwp%2Fv2%2Fcategories&post=1866"},{"taxonomy":"post_tag","embeddable":true,"href":"https:\/\/szentistvan.dnyem.hu\/index.php?rest_route=%2Fwp%2Fv2%2Ftags&post=1866"}],"curies":[{"name":"wp","href":"https:\/\/api.w.org\/{rel}","templated":true}]}}