{"id":1864,"date":"2018-02-25T13:03:02","date_gmt":"2018-02-25T11:03:02","guid":{"rendered":"http:\/\/szentistvan.dnyem.hu\/?p=1864"},"modified":"2018-03-07T19:26:25","modified_gmt":"2018-03-07T17:26:25","slug":"nagybojti-tartoselelmiszer-gyujtes-2","status":"publish","type":"post","link":"https:\/\/szentistvan.dnyem.hu\/?p=1864","title":{"rendered":"Nagyb\u00f6jti tart\u00f3s\u00e9lelmiszer-gy\u0171jt\u00e9s"},"content":{"rendered":"<p><strong>A Magyar Katolikus Konferencia nagyb\u00f6jti tart\u00f3s\u00e9lelmiszer-gy\u0171jt\u00e9st hirdet. Az id\u0151pont: m\u00e1rcius 4-11-ig. Az \u00e9lelmiszercsomagok leadhat\u00f3k \u00e9s elhelyezhet\u0151ek a h\u00e9tk\u00f6znapi \u00e9s vas\u00e1rnapi szentmis\u00e9k el\u0151tt, vagy ut\u00e1n a h\u00e1ts\u00f3 mell\u00e9kolt\u00e1rn\u00e1l, az erre kijel\u00f6lt helyen. <\/strong><\/p>\n<p>A csomagokat a Karit\u00e1sz fogja majd tov\u00e1bb\u00edtani a r\u00e1szorul\u00f3 csal\u00e1dok r\u00e9sz\u00e9re.<\/p>\n","protected":false},"excerpt":{"rendered":"<p>A Magyar Katolikus Konferencia nagyb\u00f6jti tart\u00f3s\u00e9lelmiszer-gy\u0171jt\u00e9st hirdet. Az id\u0151pont: m\u00e1rcius 4-11-ig. Az \u00e9lelmiszercsomagok leadhat\u00f3k \u00e9s elhelyezhet\u0151ek a h\u00e9tk\u00f6znapi \u00e9s vas\u00e1rnapi szentmis\u00e9k el\u0151tt, vagy ut\u00e1n a&#8230;<\/p>\n","protected":false},"author":2,"featured_media":0,"comment_status":"closed","ping_status":"open","sticky":false,"template":"","format":"standard","meta":[],"categories":[1,7,2],"tags":[],"_links":{"self":[{"href":"https:\/\/szentistvan.dnyem.hu\/index.php?rest_route=\/wp\/v2\/posts\/1864"}],"collection":[{"href":"https:\/\/szentistvan.dnyem.hu\/index.php?rest_route=\/wp\/v2\/posts"}],"about":[{"href":"https:\/\/szentistvan.dnyem.hu\/index.php?rest_route=\/wp\/v2\/types\/post"}],"author":[{"embeddable":true,"href":"https:\/\/szentistvan.dnyem.hu\/index.php?rest_route=\/wp\/v2\/users\/2"}],"replies":[{"embeddable":true,"href":"https:\/\/szentistvan.dnyem.hu\/index.php?rest_route=%2Fwp%2Fv2%2Fcomments&post=1864"}],"version-history":[{"count":1,"href":"https:\/\/szentistvan.dnyem.hu\/index.php?rest_route=\/wp\/v2\/posts\/1864\/revisions"}],"predecessor-version":[{"id":1865,"href":"https:\/\/szentistvan.dnyem.hu\/index.php?rest_route=\/wp\/v2\/posts\/1864\/revisions\/1865"}],"wp:attachment":[{"href":"https:\/\/szentistvan.dnyem.hu\/index.php?rest_route=%2Fwp%2Fv2%2Fmedia&parent=1864"}],"wp:term":[{"taxonomy":"category","embeddable":true,"href":"https:\/\/szentistvan.dnyem.hu\/index.php?rest_route=%2Fwp%2Fv2%2Fcategories&post=1864"},{"taxonomy":"post_tag","embeddable":true,"href":"https:\/\/szentistvan.dnyem.hu\/index.php?rest_route=%2Fwp%2Fv2%2Ftags&post=1864"}],"curies":[{"name":"wp","href":"https:\/\/api.w.org\/{rel}","templated":true}]}}