{"id":1851,"date":"2018-02-18T09:41:52","date_gmt":"2018-02-18T07:41:52","guid":{"rendered":"http:\/\/szentistvan.dnyem.hu\/?p=1851"},"modified":"2018-03-07T19:25:17","modified_gmt":"2018-03-07T17:25:17","slug":"keresztut","status":"publish","type":"post","link":"https:\/\/szentistvan.dnyem.hu\/?p=1851","title":{"rendered":"Kereszt\u00fat"},"content":{"rendered":"<p><strong>P\u00e9nteken (m\u00e1rcius 9-\u00e9n) este 17:30-t\u00f3l keresztutat v\u00e9gz\u00fcnk templomunkban, majd azt k\u00f6vet\u0151en igeliturgia lesz \u00e1ldoztat\u00e1ssal.<\/strong><\/p>\n<p>Buzd\u00edtom a Kedves Testv\u00e9reket, hogy min\u00e9l t\u00f6bben vegy\u00fcnk r\u00e9szt a k\u00f6z\u00f6s im\u00e1ds\u00e1gban.<\/p>\n","protected":false},"excerpt":{"rendered":"<p>P\u00e9nteken (m\u00e1rcius 9-\u00e9n) este 17:30-t\u00f3l keresztutat v\u00e9gz\u00fcnk templomunkban, majd azt k\u00f6vet\u0151en igeliturgia lesz \u00e1ldoztat\u00e1ssal. Buzd\u00edtom a Kedves Testv\u00e9reket, hogy min\u00e9l t\u00f6bben vegy\u00fcnk r\u00e9szt a k\u00f6z\u00f6s&#8230;<\/p>\n","protected":false},"author":2,"featured_media":0,"comment_status":"closed","ping_status":"open","sticky":false,"template":"","format":"standard","meta":[],"categories":[9,2],"tags":[],"_links":{"self":[{"href":"https:\/\/szentistvan.dnyem.hu\/index.php?rest_route=\/wp\/v2\/posts\/1851"}],"collection":[{"href":"https:\/\/szentistvan.dnyem.hu\/index.php?rest_route=\/wp\/v2\/posts"}],"about":[{"href":"https:\/\/szentistvan.dnyem.hu\/index.php?rest_route=\/wp\/v2\/types\/post"}],"author":[{"embeddable":true,"href":"https:\/\/szentistvan.dnyem.hu\/index.php?rest_route=\/wp\/v2\/users\/2"}],"replies":[{"embeddable":true,"href":"https:\/\/szentistvan.dnyem.hu\/index.php?rest_route=%2Fwp%2Fv2%2Fcomments&post=1851"}],"version-history":[{"count":3,"href":"https:\/\/szentistvan.dnyem.hu\/index.php?rest_route=\/wp\/v2\/posts\/1851\/revisions"}],"predecessor-version":[{"id":1872,"href":"https:\/\/szentistvan.dnyem.hu\/index.php?rest_route=\/wp\/v2\/posts\/1851\/revisions\/1872"}],"wp:attachment":[{"href":"https:\/\/szentistvan.dnyem.hu\/index.php?rest_route=%2Fwp%2Fv2%2Fmedia&parent=1851"}],"wp:term":[{"taxonomy":"category","embeddable":true,"href":"https:\/\/szentistvan.dnyem.hu\/index.php?rest_route=%2Fwp%2Fv2%2Fcategories&post=1851"},{"taxonomy":"post_tag","embeddable":true,"href":"https:\/\/szentistvan.dnyem.hu\/index.php?rest_route=%2Fwp%2Fv2%2Ftags&post=1851"}],"curies":[{"name":"wp","href":"https:\/\/api.w.org\/{rel}","templated":true}]}}