{"id":1847,"date":"2018-02-18T09:35:43","date_gmt":"2018-02-18T07:35:43","guid":{"rendered":"http:\/\/szentistvan.dnyem.hu\/?p=1847"},"modified":"2018-02-18T09:35:43","modified_gmt":"2018-02-18T07:35:43","slug":"karitasz-gyules","status":"publish","type":"post","link":"https:\/\/szentistvan.dnyem.hu\/?p=1847","title":{"rendered":"Karit\u00e1sz gy\u0171l\u00e9s"},"content":{"rendered":"<p><strong>Kedden (febru\u00e1r 20-\u00e1n), a szentmis\u00e9t k\u00f6vet\u0151en<\/strong> a Karit\u00e1sz tagoknak lesz gy\u0171l\u00e9s, szeretettel h\u00edvom \u00e9s v\u00e1rom \u0150ket.<\/p>\n","protected":false},"excerpt":{"rendered":"<p>Kedden (febru\u00e1r 20-\u00e1n), a szentmis\u00e9t k\u00f6vet\u0151en a Karit\u00e1sz tagoknak lesz gy\u0171l\u00e9s, szeretettel h\u00edvom \u00e9s v\u00e1rom \u0150ket.<\/p>\n","protected":false},"author":2,"featured_media":0,"comment_status":"closed","ping_status":"open","sticky":false,"template":"","format":"standard","meta":[],"categories":[7,2],"tags":[],"_links":{"self":[{"href":"https:\/\/szentistvan.dnyem.hu\/index.php?rest_route=\/wp\/v2\/posts\/1847"}],"collection":[{"href":"https:\/\/szentistvan.dnyem.hu\/index.php?rest_route=\/wp\/v2\/posts"}],"about":[{"href":"https:\/\/szentistvan.dnyem.hu\/index.php?rest_route=\/wp\/v2\/types\/post"}],"author":[{"embeddable":true,"href":"https:\/\/szentistvan.dnyem.hu\/index.php?rest_route=\/wp\/v2\/users\/2"}],"replies":[{"embeddable":true,"href":"https:\/\/szentistvan.dnyem.hu\/index.php?rest_route=%2Fwp%2Fv2%2Fcomments&post=1847"}],"version-history":[{"count":1,"href":"https:\/\/szentistvan.dnyem.hu\/index.php?rest_route=\/wp\/v2\/posts\/1847\/revisions"}],"predecessor-version":[{"id":1848,"href":"https:\/\/szentistvan.dnyem.hu\/index.php?rest_route=\/wp\/v2\/posts\/1847\/revisions\/1848"}],"wp:attachment":[{"href":"https:\/\/szentistvan.dnyem.hu\/index.php?rest_route=%2Fwp%2Fv2%2Fmedia&parent=1847"}],"wp:term":[{"taxonomy":"category","embeddable":true,"href":"https:\/\/szentistvan.dnyem.hu\/index.php?rest_route=%2Fwp%2Fv2%2Fcategories&post=1847"},{"taxonomy":"post_tag","embeddable":true,"href":"https:\/\/szentistvan.dnyem.hu\/index.php?rest_route=%2Fwp%2Fv2%2Ftags&post=1847"}],"curies":[{"name":"wp","href":"https:\/\/api.w.org\/{rel}","templated":true}]}}