{"id":1845,"date":"2018-02-18T09:34:21","date_gmt":"2018-02-18T07:34:21","guid":{"rendered":"http:\/\/szentistvan.dnyem.hu\/?p=1845"},"modified":"2018-02-18T09:34:21","modified_gmt":"2018-02-18T07:34:21","slug":"gyujtes-a-katolikus-iskolak-javara","status":"publish","type":"post","link":"https:\/\/szentistvan.dnyem.hu\/?p=1845","title":{"rendered":"Gy\u0171jt\u00e9s a katolikus iskol\u00e1k jav\u00e1ra"},"content":{"rendered":"<p><strong>Febru\u00e1r 25-\u00e9n, vas\u00e1rnap orsz\u00e1gos gy\u0171jt\u00e9st tartunk a katolikus iskol\u00e1k jav\u00e1ra.<\/strong><\/p>\n<p>A perselyadom\u00e1nyokat erre a c\u00e9lra tov\u00e1bb\u00edtjuk majd.<\/p>\n<p><strong>Jelenleg az egyh\u00e1zmegy\u00e9nk \u00e1ltal fenntartott iskol\u00e1kban 5100 gyermek tanul.<\/strong><\/p>\n<p>Mindannyian \u00e9rezz\u00fck sz\u00edv\u00fcgy\u00fcnknek a t\u00e1mogat\u00e1st!<\/p>\n","protected":false},"excerpt":{"rendered":"<p>Febru\u00e1r 25-\u00e9n, vas\u00e1rnap orsz\u00e1gos gy\u0171jt\u00e9st tartunk a katolikus iskol\u00e1k jav\u00e1ra. A perselyadom\u00e1nyokat erre a c\u00e9lra tov\u00e1bb\u00edtjuk majd. Jelenleg az egyh\u00e1zmegy\u00e9nk \u00e1ltal fenntartott iskol\u00e1kban 5100 gyermek&#8230;<\/p>\n","protected":false},"author":2,"featured_media":0,"comment_status":"closed","ping_status":"open","sticky":false,"template":"","format":"standard","meta":[],"categories":[2],"tags":[],"_links":{"self":[{"href":"https:\/\/szentistvan.dnyem.hu\/index.php?rest_route=\/wp\/v2\/posts\/1845"}],"collection":[{"href":"https:\/\/szentistvan.dnyem.hu\/index.php?rest_route=\/wp\/v2\/posts"}],"about":[{"href":"https:\/\/szentistvan.dnyem.hu\/index.php?rest_route=\/wp\/v2\/types\/post"}],"author":[{"embeddable":true,"href":"https:\/\/szentistvan.dnyem.hu\/index.php?rest_route=\/wp\/v2\/users\/2"}],"replies":[{"embeddable":true,"href":"https:\/\/szentistvan.dnyem.hu\/index.php?rest_route=%2Fwp%2Fv2%2Fcomments&post=1845"}],"version-history":[{"count":1,"href":"https:\/\/szentistvan.dnyem.hu\/index.php?rest_route=\/wp\/v2\/posts\/1845\/revisions"}],"predecessor-version":[{"id":1846,"href":"https:\/\/szentistvan.dnyem.hu\/index.php?rest_route=\/wp\/v2\/posts\/1845\/revisions\/1846"}],"wp:attachment":[{"href":"https:\/\/szentistvan.dnyem.hu\/index.php?rest_route=%2Fwp%2Fv2%2Fmedia&parent=1845"}],"wp:term":[{"taxonomy":"category","embeddable":true,"href":"https:\/\/szentistvan.dnyem.hu\/index.php?rest_route=%2Fwp%2Fv2%2Fcategories&post=1845"},{"taxonomy":"post_tag","embeddable":true,"href":"https:\/\/szentistvan.dnyem.hu\/index.php?rest_route=%2Fwp%2Fv2%2Ftags&post=1845"}],"curies":[{"name":"wp","href":"https:\/\/api.w.org\/{rel}","templated":true}]}}