{"id":1822,"date":"2018-02-04T12:36:10","date_gmt":"2018-02-04T10:36:10","guid":{"rendered":"http:\/\/szentistvan.dnyem.hu\/?p=1822"},"modified":"2018-02-04T12:36:10","modified_gmt":"2018-02-04T10:36:10","slug":"hazas-hetvege-2","status":"publish","type":"post","link":"https:\/\/szentistvan.dnyem.hu\/?p=1822","title":{"rendered":"H\u00e1zas H\u00e9tv\u00e9ge"},"content":{"rendered":"<p>H\u00e1zas H\u00e9tv\u00e9ge lesz <strong>a debreceni Szent J\u00f3zsef Gimn\u00e1ziumban. Az id\u0151pont: 2018. febru\u00e1r 16-18.<\/strong><\/p>\n<p>\u00c9rdekl\u0151dni \u00e9s jelentkezni a hirdet\u0151n tal\u00e1lhat\u00f3 el\u00e9rhet\u0151s\u00e9geken lehet.<\/p>\n","protected":false},"excerpt":{"rendered":"<p>H\u00e1zas H\u00e9tv\u00e9ge lesz a debreceni Szent J\u00f3zsef Gimn\u00e1ziumban. Az id\u0151pont: 2018. febru\u00e1r 16-18. \u00c9rdekl\u0151dni \u00e9s jelentkezni a hirdet\u0151n tal\u00e1lhat\u00f3 el\u00e9rhet\u0151s\u00e9geken lehet.<\/p>\n","protected":false},"author":2,"featured_media":0,"comment_status":"closed","ping_status":"open","sticky":false,"template":"","format":"standard","meta":[],"categories":[2],"tags":[],"_links":{"self":[{"href":"https:\/\/szentistvan.dnyem.hu\/index.php?rest_route=\/wp\/v2\/posts\/1822"}],"collection":[{"href":"https:\/\/szentistvan.dnyem.hu\/index.php?rest_route=\/wp\/v2\/posts"}],"about":[{"href":"https:\/\/szentistvan.dnyem.hu\/index.php?rest_route=\/wp\/v2\/types\/post"}],"author":[{"embeddable":true,"href":"https:\/\/szentistvan.dnyem.hu\/index.php?rest_route=\/wp\/v2\/users\/2"}],"replies":[{"embeddable":true,"href":"https:\/\/szentistvan.dnyem.hu\/index.php?rest_route=%2Fwp%2Fv2%2Fcomments&post=1822"}],"version-history":[{"count":1,"href":"https:\/\/szentistvan.dnyem.hu\/index.php?rest_route=\/wp\/v2\/posts\/1822\/revisions"}],"predecessor-version":[{"id":1823,"href":"https:\/\/szentistvan.dnyem.hu\/index.php?rest_route=\/wp\/v2\/posts\/1822\/revisions\/1823"}],"wp:attachment":[{"href":"https:\/\/szentistvan.dnyem.hu\/index.php?rest_route=%2Fwp%2Fv2%2Fmedia&parent=1822"}],"wp:term":[{"taxonomy":"category","embeddable":true,"href":"https:\/\/szentistvan.dnyem.hu\/index.php?rest_route=%2Fwp%2Fv2%2Fcategories&post=1822"},{"taxonomy":"post_tag","embeddable":true,"href":"https:\/\/szentistvan.dnyem.hu\/index.php?rest_route=%2Fwp%2Fv2%2Ftags&post=1822"}],"curies":[{"name":"wp","href":"https:\/\/api.w.org\/{rel}","templated":true}]}}