{"id":1814,"date":"2018-01-29T23:46:54","date_gmt":"2018-01-29T21:46:54","guid":{"rendered":"http:\/\/szentistvan.dnyem.hu\/?p=1814"},"modified":"2018-01-29T23:46:54","modified_gmt":"2018-01-29T21:46:54","slug":"okumenikus-alkalom","status":"publish","type":"post","link":"https:\/\/szentistvan.dnyem.hu\/?p=1814","title":{"rendered":"\u00d6kumenikus alkalom"},"content":{"rendered":"<p><strong>A t\u00e9gl\u00e1skerti reform\u00e1tus lelk\u00e9sz, illetve az ott l\u00e9v\u0151 gy\u00fclekezet is szeretettel h\u00edv \u00e9s v\u00e1r benn\u00fcnket az \u00f6kumenikus alkalomra. Febru\u00e1r 1-j\u00e9n, cs\u00fct\u00f6rt\u00f6k este 17:00-t\u00f3l<\/strong> fogunk mi a r\u00f3mai katolikusok szolg\u00e1lni,<strong> ez\u00e9rt cs\u00fct\u00f6rt\u00f6k\u00f6n kiv\u00e9telesen reggel 07:00-t\u00f3l lesz szentmise, \u00e9s azt k\u00f6vet\u0151en lesz a szents\u00e9gim\u00e1d\u00e1s is.<\/strong><\/p>\n<p>H\u00edvom \u00e9s v\u00e1rom a kedves Testv\u00e9reket!<\/p>\n","protected":false},"excerpt":{"rendered":"<p>A t\u00e9gl\u00e1skerti reform\u00e1tus lelk\u00e9sz, illetve az ott l\u00e9v\u0151 gy\u00fclekezet is szeretettel h\u00edv \u00e9s v\u00e1r benn\u00fcnket az \u00f6kumenikus alkalomra. Febru\u00e1r 1-j\u00e9n, cs\u00fct\u00f6rt\u00f6k este 17:00-t\u00f3l fogunk mi&#8230;<\/p>\n","protected":false},"author":2,"featured_media":0,"comment_status":"closed","ping_status":"open","sticky":false,"template":"","format":"standard","meta":[],"categories":[9,2],"tags":[],"_links":{"self":[{"href":"https:\/\/szentistvan.dnyem.hu\/index.php?rest_route=\/wp\/v2\/posts\/1814"}],"collection":[{"href":"https:\/\/szentistvan.dnyem.hu\/index.php?rest_route=\/wp\/v2\/posts"}],"about":[{"href":"https:\/\/szentistvan.dnyem.hu\/index.php?rest_route=\/wp\/v2\/types\/post"}],"author":[{"embeddable":true,"href":"https:\/\/szentistvan.dnyem.hu\/index.php?rest_route=\/wp\/v2\/users\/2"}],"replies":[{"embeddable":true,"href":"https:\/\/szentistvan.dnyem.hu\/index.php?rest_route=%2Fwp%2Fv2%2Fcomments&post=1814"}],"version-history":[{"count":1,"href":"https:\/\/szentistvan.dnyem.hu\/index.php?rest_route=\/wp\/v2\/posts\/1814\/revisions"}],"predecessor-version":[{"id":1815,"href":"https:\/\/szentistvan.dnyem.hu\/index.php?rest_route=\/wp\/v2\/posts\/1814\/revisions\/1815"}],"wp:attachment":[{"href":"https:\/\/szentistvan.dnyem.hu\/index.php?rest_route=%2Fwp%2Fv2%2Fmedia&parent=1814"}],"wp:term":[{"taxonomy":"category","embeddable":true,"href":"https:\/\/szentistvan.dnyem.hu\/index.php?rest_route=%2Fwp%2Fv2%2Fcategories&post=1814"},{"taxonomy":"post_tag","embeddable":true,"href":"https:\/\/szentistvan.dnyem.hu\/index.php?rest_route=%2Fwp%2Fv2%2Ftags&post=1814"}],"curies":[{"name":"wp","href":"https:\/\/api.w.org\/{rel}","templated":true}]}}