{"id":1812,"date":"2018-01-29T23:45:05","date_gmt":"2018-01-29T21:45:05","guid":{"rendered":"http:\/\/szentistvan.dnyem.hu\/?p=1812"},"modified":"2018-01-29T23:45:05","modified_gmt":"2018-01-29T21:45:05","slug":"okumenikus-imahet","status":"publish","type":"post","link":"https:\/\/szentistvan.dnyem.hu\/?p=1812","title":{"rendered":"\u00d6kumenikus imah\u00e9t"},"content":{"rendered":"<p><strong>\u00d6kumenikus imah\u00e9t lesz janu\u00e1r 29-t\u0151l febru\u00e1r 3-ig. <\/strong><\/p>\n<p><strong>A reform\u00e1tus lelk\u00e9sz, illetve a gy\u00fclekezeti tagok szeretettel h\u00edvnak \u00e9s v\u00e1rnak benn\u00fcnket. <\/strong><\/p>\n<p><strong>A kezd\u00e9si id\u0151pont: minden este 18:00. Helysz\u00edn: A reform\u00e1tus templom.<\/strong><\/p>\n","protected":false},"excerpt":{"rendered":"<p>\u00d6kumenikus imah\u00e9t lesz janu\u00e1r 29-t\u0151l febru\u00e1r 3-ig. A reform\u00e1tus lelk\u00e9sz, illetve a gy\u00fclekezeti tagok szeretettel h\u00edvnak \u00e9s v\u00e1rnak benn\u00fcnket. A kezd\u00e9si id\u0151pont: minden este 18:00&#8230;.<\/p>\n","protected":false},"author":2,"featured_media":0,"comment_status":"closed","ping_status":"open","sticky":false,"template":"","format":"standard","meta":[],"categories":[9,2],"tags":[],"_links":{"self":[{"href":"https:\/\/szentistvan.dnyem.hu\/index.php?rest_route=\/wp\/v2\/posts\/1812"}],"collection":[{"href":"https:\/\/szentistvan.dnyem.hu\/index.php?rest_route=\/wp\/v2\/posts"}],"about":[{"href":"https:\/\/szentistvan.dnyem.hu\/index.php?rest_route=\/wp\/v2\/types\/post"}],"author":[{"embeddable":true,"href":"https:\/\/szentistvan.dnyem.hu\/index.php?rest_route=\/wp\/v2\/users\/2"}],"replies":[{"embeddable":true,"href":"https:\/\/szentistvan.dnyem.hu\/index.php?rest_route=%2Fwp%2Fv2%2Fcomments&post=1812"}],"version-history":[{"count":1,"href":"https:\/\/szentistvan.dnyem.hu\/index.php?rest_route=\/wp\/v2\/posts\/1812\/revisions"}],"predecessor-version":[{"id":1813,"href":"https:\/\/szentistvan.dnyem.hu\/index.php?rest_route=\/wp\/v2\/posts\/1812\/revisions\/1813"}],"wp:attachment":[{"href":"https:\/\/szentistvan.dnyem.hu\/index.php?rest_route=%2Fwp%2Fv2%2Fmedia&parent=1812"}],"wp:term":[{"taxonomy":"category","embeddable":true,"href":"https:\/\/szentistvan.dnyem.hu\/index.php?rest_route=%2Fwp%2Fv2%2Fcategories&post=1812"},{"taxonomy":"post_tag","embeddable":true,"href":"https:\/\/szentistvan.dnyem.hu\/index.php?rest_route=%2Fwp%2Fv2%2Ftags&post=1812"}],"curies":[{"name":"wp","href":"https:\/\/api.w.org\/{rel}","templated":true}]}}