{"id":1808,"date":"2018-01-29T23:41:29","date_gmt":"2018-01-29T21:41:29","guid":{"rendered":"http:\/\/szentistvan.dnyem.hu\/?p=1808"},"modified":"2018-01-29T23:41:29","modified_gmt":"2018-01-29T21:41:29","slug":"szentsegimadas-a-nagyszulokert","status":"publish","type":"post","link":"https:\/\/szentistvan.dnyem.hu\/?p=1808","title":{"rendered":"Szents\u00e9gim\u00e1d\u00e1s a nagysz\u00fcl\u0151k\u00e9rt"},"content":{"rendered":"<p><strong>Febru\u00e1r h\u00f3napban a cs\u00fct\u00f6rt\u00f6ki szents\u00e9gim\u00e1d\u00e1si \u00f3r\u00e1kat a nagysz\u00fcl\u0151k\u00e9rt aj\u00e1nljuk fel. <\/strong><\/p>\n<p>Szeretettel h\u00edvom \u00e9s v\u00e1rom a Kedves Testv\u00e9reket a k\u00f6z\u00f6s im\u00e1ds\u00e1gra.<\/p>\n","protected":false},"excerpt":{"rendered":"<p>Febru\u00e1r h\u00f3napban a cs\u00fct\u00f6rt\u00f6ki szents\u00e9gim\u00e1d\u00e1si \u00f3r\u00e1kat a nagysz\u00fcl\u0151k\u00e9rt aj\u00e1nljuk fel. Szeretettel h\u00edvom \u00e9s v\u00e1rom a Kedves Testv\u00e9reket a k\u00f6z\u00f6s im\u00e1ds\u00e1gra.<\/p>\n","protected":false},"author":2,"featured_media":0,"comment_status":"closed","ping_status":"open","sticky":false,"template":"","format":"standard","meta":[],"categories":[9,2],"tags":[],"_links":{"self":[{"href":"https:\/\/szentistvan.dnyem.hu\/index.php?rest_route=\/wp\/v2\/posts\/1808"}],"collection":[{"href":"https:\/\/szentistvan.dnyem.hu\/index.php?rest_route=\/wp\/v2\/posts"}],"about":[{"href":"https:\/\/szentistvan.dnyem.hu\/index.php?rest_route=\/wp\/v2\/types\/post"}],"author":[{"embeddable":true,"href":"https:\/\/szentistvan.dnyem.hu\/index.php?rest_route=\/wp\/v2\/users\/2"}],"replies":[{"embeddable":true,"href":"https:\/\/szentistvan.dnyem.hu\/index.php?rest_route=%2Fwp%2Fv2%2Fcomments&post=1808"}],"version-history":[{"count":1,"href":"https:\/\/szentistvan.dnyem.hu\/index.php?rest_route=\/wp\/v2\/posts\/1808\/revisions"}],"predecessor-version":[{"id":1809,"href":"https:\/\/szentistvan.dnyem.hu\/index.php?rest_route=\/wp\/v2\/posts\/1808\/revisions\/1809"}],"wp:attachment":[{"href":"https:\/\/szentistvan.dnyem.hu\/index.php?rest_route=%2Fwp%2Fv2%2Fmedia&parent=1808"}],"wp:term":[{"taxonomy":"category","embeddable":true,"href":"https:\/\/szentistvan.dnyem.hu\/index.php?rest_route=%2Fwp%2Fv2%2Fcategories&post=1808"},{"taxonomy":"post_tag","embeddable":true,"href":"https:\/\/szentistvan.dnyem.hu\/index.php?rest_route=%2Fwp%2Fv2%2Ftags&post=1808"}],"curies":[{"name":"wp","href":"https:\/\/api.w.org\/{rel}","templated":true}]}}