{"id":1802,"date":"2018-01-21T19:20:34","date_gmt":"2018-01-21T17:20:34","guid":{"rendered":"http:\/\/szentistvan.dnyem.hu\/?p=1802"},"modified":"2018-01-21T19:20:34","modified_gmt":"2018-01-21T17:20:34","slug":"disznotor-a-plebanian-2","status":"publish","type":"post","link":"https:\/\/szentistvan.dnyem.hu\/?p=1802","title":{"rendered":"Diszn\u00f3tor a pl\u00e9b\u00e1ni\u00e1n"},"content":{"rendered":"<p><strong>Szombaton, janu\u00e1r 27-\u00e9n ker\u00fcl sor a hagyom\u00e1nyos diszn\u00f3torra a Pl\u00e9b\u00e1ni\u00e1n. Reggel 9:00-t\u00f3l kezd\u0151dnek az el\u0151k\u00e9sz\u00fcletek. <\/strong><\/p>\n<p><strong>H\u00edvok \u00e9s v\u00e1rok mindenkit szeretettel.<\/strong><\/p>\n","protected":false},"excerpt":{"rendered":"<p>Szombaton, janu\u00e1r 27-\u00e9n ker\u00fcl sor a hagyom\u00e1nyos diszn\u00f3torra a Pl\u00e9b\u00e1ni\u00e1n. Reggel 9:00-t\u00f3l kezd\u0151dnek az el\u0151k\u00e9sz\u00fcletek. H\u00edvok \u00e9s v\u00e1rok mindenkit szeretettel.<\/p>\n","protected":false},"author":2,"featured_media":0,"comment_status":"closed","ping_status":"open","sticky":false,"template":"","format":"standard","meta":[],"categories":[2],"tags":[],"_links":{"self":[{"href":"https:\/\/szentistvan.dnyem.hu\/index.php?rest_route=\/wp\/v2\/posts\/1802"}],"collection":[{"href":"https:\/\/szentistvan.dnyem.hu\/index.php?rest_route=\/wp\/v2\/posts"}],"about":[{"href":"https:\/\/szentistvan.dnyem.hu\/index.php?rest_route=\/wp\/v2\/types\/post"}],"author":[{"embeddable":true,"href":"https:\/\/szentistvan.dnyem.hu\/index.php?rest_route=\/wp\/v2\/users\/2"}],"replies":[{"embeddable":true,"href":"https:\/\/szentistvan.dnyem.hu\/index.php?rest_route=%2Fwp%2Fv2%2Fcomments&post=1802"}],"version-history":[{"count":1,"href":"https:\/\/szentistvan.dnyem.hu\/index.php?rest_route=\/wp\/v2\/posts\/1802\/revisions"}],"predecessor-version":[{"id":1803,"href":"https:\/\/szentistvan.dnyem.hu\/index.php?rest_route=\/wp\/v2\/posts\/1802\/revisions\/1803"}],"wp:attachment":[{"href":"https:\/\/szentistvan.dnyem.hu\/index.php?rest_route=%2Fwp%2Fv2%2Fmedia&parent=1802"}],"wp:term":[{"taxonomy":"category","embeddable":true,"href":"https:\/\/szentistvan.dnyem.hu\/index.php?rest_route=%2Fwp%2Fv2%2Fcategories&post=1802"},{"taxonomy":"post_tag","embeddable":true,"href":"https:\/\/szentistvan.dnyem.hu\/index.php?rest_route=%2Fwp%2Fv2%2Ftags&post=1802"}],"curies":[{"name":"wp","href":"https:\/\/api.w.org\/{rel}","templated":true}]}}