{"id":1794,"date":"2018-01-06T15:42:30","date_gmt":"2018-01-06T13:42:30","guid":{"rendered":"http:\/\/szentistvan.dnyem.hu\/?p=1794"},"modified":"2018-01-06T15:42:30","modified_gmt":"2018-01-06T13:42:30","slug":"zenes-irodalmi-ahitat-a-csaladok-evenek-kezdeten","status":"publish","type":"post","link":"https:\/\/szentistvan.dnyem.hu\/?p=1794","title":{"rendered":"Zen\u00e9s-irodalmi \u00e1h\u00edtat a Csal\u00e1dok \u00c9v\u00e9nek kezdet\u00e9n"},"content":{"rendered":"<p><strong>Haz\u00e1nk korm\u00e1nya 2018-at meghirdette a Csal\u00e1dok \u00c9v\u00e9nek.<\/strong><br \/>\n<strong> Janu\u00e1r 14-\u00e9n 16:00-t\u00f3l<\/strong> a Csal\u00e1dok \u00c9ve megkezd\u00e9s\u00e9nek alkalm\u00e1b\u00f3l <strong>zen\u00e9s-irodalmi \u00e1h\u00edtatot tartanak a Szent Anna Sz\u00e9kesegyh\u00e1zban.<\/strong><\/p>\n","protected":false},"excerpt":{"rendered":"<p>Haz\u00e1nk korm\u00e1nya 2018-at meghirdette a Csal\u00e1dok \u00c9v\u00e9nek. Janu\u00e1r 14-\u00e9n 16:00-t\u00f3l a Csal\u00e1dok \u00c9ve megkezd\u00e9s\u00e9nek alkalm\u00e1b\u00f3l zen\u00e9s-irodalmi \u00e1h\u00edtatot tartanak a Szent Anna Sz\u00e9kesegyh\u00e1zban.<\/p>\n","protected":false},"author":2,"featured_media":0,"comment_status":"closed","ping_status":"open","sticky":false,"template":"","format":"standard","meta":[],"categories":[9,2],"tags":[],"_links":{"self":[{"href":"https:\/\/szentistvan.dnyem.hu\/index.php?rest_route=\/wp\/v2\/posts\/1794"}],"collection":[{"href":"https:\/\/szentistvan.dnyem.hu\/index.php?rest_route=\/wp\/v2\/posts"}],"about":[{"href":"https:\/\/szentistvan.dnyem.hu\/index.php?rest_route=\/wp\/v2\/types\/post"}],"author":[{"embeddable":true,"href":"https:\/\/szentistvan.dnyem.hu\/index.php?rest_route=\/wp\/v2\/users\/2"}],"replies":[{"embeddable":true,"href":"https:\/\/szentistvan.dnyem.hu\/index.php?rest_route=%2Fwp%2Fv2%2Fcomments&post=1794"}],"version-history":[{"count":1,"href":"https:\/\/szentistvan.dnyem.hu\/index.php?rest_route=\/wp\/v2\/posts\/1794\/revisions"}],"predecessor-version":[{"id":1795,"href":"https:\/\/szentistvan.dnyem.hu\/index.php?rest_route=\/wp\/v2\/posts\/1794\/revisions\/1795"}],"wp:attachment":[{"href":"https:\/\/szentistvan.dnyem.hu\/index.php?rest_route=%2Fwp%2Fv2%2Fmedia&parent=1794"}],"wp:term":[{"taxonomy":"category","embeddable":true,"href":"https:\/\/szentistvan.dnyem.hu\/index.php?rest_route=%2Fwp%2Fv2%2Fcategories&post=1794"},{"taxonomy":"post_tag","embeddable":true,"href":"https:\/\/szentistvan.dnyem.hu\/index.php?rest_route=%2Fwp%2Fv2%2Ftags&post=1794"}],"curies":[{"name":"wp","href":"https:\/\/api.w.org\/{rel}","templated":true}]}}