{"id":1792,"date":"2018-01-06T15:40:29","date_gmt":"2018-01-06T13:40:29","guid":{"rendered":"http:\/\/szentistvan.dnyem.hu\/?p=1792"},"modified":"2018-01-06T15:40:29","modified_gmt":"2018-01-06T13:40:29","slug":"katekezis-az-okumenikus-torekvesekrol","status":"publish","type":"post","link":"https:\/\/szentistvan.dnyem.hu\/?p=1792","title":{"rendered":"Katek\u00e9zis az \u00f6kumenikus t\u00f6rekv\u00e9sekr\u0151l"},"content":{"rendered":"<p><strong>A Szent Anna F\u0151pl\u00e9b\u00e1nia: Az \u00d6KUMENIKUS T\u00d6REKV\u00c9SEK KATOLIKUS ALAPELVEIR\u0150L c\u00edmmel h\u00e1rom r\u00e9szes katek\u00e9zist hirdet. <\/strong><\/p>\n<p><strong>Az 1. r\u00e9sz kedden, 2018. janu\u00e1r 9-\u00e9n lesz, a r\u00e9sztvev\u0151k sz\u00e1m\u00e1t\u00f3l f\u00fcgg\u0151en vagy a 7. teremben vagy a templomban.<\/strong><\/p>\n","protected":false},"excerpt":{"rendered":"<p>A Szent Anna F\u0151pl\u00e9b\u00e1nia: Az \u00d6KUMENIKUS T\u00d6REKV\u00c9SEK KATOLIKUS ALAPELVEIR\u0150L c\u00edmmel h\u00e1rom r\u00e9szes katek\u00e9zist hirdet. Az 1. r\u00e9sz kedden, 2018. janu\u00e1r 9-\u00e9n lesz, a r\u00e9sztvev\u0151k sz\u00e1m\u00e1t\u00f3l&#8230;<\/p>\n","protected":false},"author":2,"featured_media":0,"comment_status":"closed","ping_status":"open","sticky":false,"template":"","format":"standard","meta":[],"categories":[2],"tags":[],"_links":{"self":[{"href":"https:\/\/szentistvan.dnyem.hu\/index.php?rest_route=\/wp\/v2\/posts\/1792"}],"collection":[{"href":"https:\/\/szentistvan.dnyem.hu\/index.php?rest_route=\/wp\/v2\/posts"}],"about":[{"href":"https:\/\/szentistvan.dnyem.hu\/index.php?rest_route=\/wp\/v2\/types\/post"}],"author":[{"embeddable":true,"href":"https:\/\/szentistvan.dnyem.hu\/index.php?rest_route=\/wp\/v2\/users\/2"}],"replies":[{"embeddable":true,"href":"https:\/\/szentistvan.dnyem.hu\/index.php?rest_route=%2Fwp%2Fv2%2Fcomments&post=1792"}],"version-history":[{"count":1,"href":"https:\/\/szentistvan.dnyem.hu\/index.php?rest_route=\/wp\/v2\/posts\/1792\/revisions"}],"predecessor-version":[{"id":1793,"href":"https:\/\/szentistvan.dnyem.hu\/index.php?rest_route=\/wp\/v2\/posts\/1792\/revisions\/1793"}],"wp:attachment":[{"href":"https:\/\/szentistvan.dnyem.hu\/index.php?rest_route=%2Fwp%2Fv2%2Fmedia&parent=1792"}],"wp:term":[{"taxonomy":"category","embeddable":true,"href":"https:\/\/szentistvan.dnyem.hu\/index.php?rest_route=%2Fwp%2Fv2%2Fcategories&post=1792"},{"taxonomy":"post_tag","embeddable":true,"href":"https:\/\/szentistvan.dnyem.hu\/index.php?rest_route=%2Fwp%2Fv2%2Ftags&post=1792"}],"curies":[{"name":"wp","href":"https:\/\/api.w.org\/{rel}","templated":true}]}}