{"id":1790,"date":"2018-01-06T15:38:19","date_gmt":"2018-01-06T13:38:19","guid":{"rendered":"http:\/\/szentistvan.dnyem.hu\/?p=1790"},"modified":"2018-01-06T15:38:19","modified_gmt":"2018-01-06T13:38:19","slug":"karitasz-csoport-gyulese-2","status":"publish","type":"post","link":"https:\/\/szentistvan.dnyem.hu\/?p=1790","title":{"rendered":"Karit\u00e1sz csoport gy\u0171l\u00e9se"},"content":{"rendered":"<p><strong>Kedden (2018. janu\u00e1r 9-\u00e9n), a 18:00 \u00f3rai szentmis\u00e9t k\u00f6vet\u0151en a Karit\u00e1sz csoportot h\u00edvom \u00e9s v\u00e1rom a pl\u00e9b\u00e1ni\u00e1ra, megbesz\u00e9l\u00e9sre.<\/strong><\/p>\n","protected":false},"excerpt":{"rendered":"<p>Kedden (2018. janu\u00e1r 9-\u00e9n), a 18:00 \u00f3rai szentmis\u00e9t k\u00f6vet\u0151en a Karit\u00e1sz csoportot h\u00edvom \u00e9s v\u00e1rom a pl\u00e9b\u00e1ni\u00e1ra, megbesz\u00e9l\u00e9sre.<\/p>\n","protected":false},"author":2,"featured_media":0,"comment_status":"closed","ping_status":"open","sticky":false,"template":"","format":"standard","meta":[],"categories":[7,2],"tags":[],"_links":{"self":[{"href":"https:\/\/szentistvan.dnyem.hu\/index.php?rest_route=\/wp\/v2\/posts\/1790"}],"collection":[{"href":"https:\/\/szentistvan.dnyem.hu\/index.php?rest_route=\/wp\/v2\/posts"}],"about":[{"href":"https:\/\/szentistvan.dnyem.hu\/index.php?rest_route=\/wp\/v2\/types\/post"}],"author":[{"embeddable":true,"href":"https:\/\/szentistvan.dnyem.hu\/index.php?rest_route=\/wp\/v2\/users\/2"}],"replies":[{"embeddable":true,"href":"https:\/\/szentistvan.dnyem.hu\/index.php?rest_route=%2Fwp%2Fv2%2Fcomments&post=1790"}],"version-history":[{"count":1,"href":"https:\/\/szentistvan.dnyem.hu\/index.php?rest_route=\/wp\/v2\/posts\/1790\/revisions"}],"predecessor-version":[{"id":1791,"href":"https:\/\/szentistvan.dnyem.hu\/index.php?rest_route=\/wp\/v2\/posts\/1790\/revisions\/1791"}],"wp:attachment":[{"href":"https:\/\/szentistvan.dnyem.hu\/index.php?rest_route=%2Fwp%2Fv2%2Fmedia&parent=1790"}],"wp:term":[{"taxonomy":"category","embeddable":true,"href":"https:\/\/szentistvan.dnyem.hu\/index.php?rest_route=%2Fwp%2Fv2%2Fcategories&post=1790"},{"taxonomy":"post_tag","embeddable":true,"href":"https:\/\/szentistvan.dnyem.hu\/index.php?rest_route=%2Fwp%2Fv2%2Ftags&post=1790"}],"curies":[{"name":"wp","href":"https:\/\/api.w.org\/{rel}","templated":true}]}}