{"id":1785,"date":"2018-01-06T15:34:43","date_gmt":"2018-01-06T13:34:43","guid":{"rendered":"http:\/\/szentistvan.dnyem.hu\/?p=1785"},"modified":"2018-01-06T15:34:58","modified_gmt":"2018-01-06T13:34:58","slug":"a-karacsonyi-idoszak-vege-az-evkozi-ido-kezdete","status":"publish","type":"post","link":"https:\/\/szentistvan.dnyem.hu\/?p=1785","title":{"rendered":"A kar\u00e1csonyi id\u0151szak v\u00e9ge, az \u00e9vk\u00f6zi id\u0151 kezdete"},"content":{"rendered":"<p><strong>A mai nappal (2018. janu\u00e1r 7-\u00e9vel, Urunk megkeresztelked\u00e9s\u00e9nek \u00fcnnep\u00e9vel) v\u00e9get \u00e9r a kar\u00e1csonyi id\u0151szak \u00e9s kezdet\u00e9t veszi az \u00e9vk\u00f6zi id\u0151.<\/strong><\/p>\n","protected":false},"excerpt":{"rendered":"<p>A mai nappal (2018. janu\u00e1r 7-\u00e9vel, Urunk megkeresztelked\u00e9s\u00e9nek \u00fcnnep\u00e9vel) v\u00e9get \u00e9r a kar\u00e1csonyi id\u0151szak \u00e9s kezdet\u00e9t veszi az \u00e9vk\u00f6zi id\u0151.<\/p>\n","protected":false},"author":2,"featured_media":0,"comment_status":"closed","ping_status":"open","sticky":false,"template":"","format":"standard","meta":[],"categories":[1],"tags":[],"_links":{"self":[{"href":"https:\/\/szentistvan.dnyem.hu\/index.php?rest_route=\/wp\/v2\/posts\/1785"}],"collection":[{"href":"https:\/\/szentistvan.dnyem.hu\/index.php?rest_route=\/wp\/v2\/posts"}],"about":[{"href":"https:\/\/szentistvan.dnyem.hu\/index.php?rest_route=\/wp\/v2\/types\/post"}],"author":[{"embeddable":true,"href":"https:\/\/szentistvan.dnyem.hu\/index.php?rest_route=\/wp\/v2\/users\/2"}],"replies":[{"embeddable":true,"href":"https:\/\/szentistvan.dnyem.hu\/index.php?rest_route=%2Fwp%2Fv2%2Fcomments&post=1785"}],"version-history":[{"count":2,"href":"https:\/\/szentistvan.dnyem.hu\/index.php?rest_route=\/wp\/v2\/posts\/1785\/revisions"}],"predecessor-version":[{"id":1787,"href":"https:\/\/szentistvan.dnyem.hu\/index.php?rest_route=\/wp\/v2\/posts\/1785\/revisions\/1787"}],"wp:attachment":[{"href":"https:\/\/szentistvan.dnyem.hu\/index.php?rest_route=%2Fwp%2Fv2%2Fmedia&parent=1785"}],"wp:term":[{"taxonomy":"category","embeddable":true,"href":"https:\/\/szentistvan.dnyem.hu\/index.php?rest_route=%2Fwp%2Fv2%2Fcategories&post=1785"},{"taxonomy":"post_tag","embeddable":true,"href":"https:\/\/szentistvan.dnyem.hu\/index.php?rest_route=%2Fwp%2Fv2%2Ftags&post=1785"}],"curies":[{"name":"wp","href":"https:\/\/api.w.org\/{rel}","templated":true}]}}