{"id":1783,"date":"2018-01-06T15:26:45","date_gmt":"2018-01-06T13:26:45","guid":{"rendered":"http:\/\/szentistvan.dnyem.hu\/?p=1783"},"modified":"2018-01-06T15:26:45","modified_gmt":"2018-01-06T13:26:45","slug":"szentsegimadas-a-bekeert","status":"publish","type":"post","link":"https:\/\/szentistvan.dnyem.hu\/?p=1783","title":{"rendered":"Szents\u00e9gim\u00e1d\u00e1s a b\u00e9k\u00e9\u00e9rt"},"content":{"rendered":"<p><strong>Janu\u00e1r h\u00f3napban a cs\u00fct\u00f6rt\u00f6k esti szents\u00e9gim\u00e1d\u00e1si \u00f3r\u00e1kat a b\u00e9k\u00e9\u00e9rt aj\u00e1nljuk fel.<\/strong><\/p>\n<p>Szeretettel h\u00edvom \u00e9s v\u00e1rom a Kedves Testv\u00e9reket a k\u00f6z\u00f6s im\u00e1ds\u00e1gra.<\/p>\n","protected":false},"excerpt":{"rendered":"<p>Janu\u00e1r h\u00f3napban a cs\u00fct\u00f6rt\u00f6k esti szents\u00e9gim\u00e1d\u00e1si \u00f3r\u00e1kat a b\u00e9k\u00e9\u00e9rt aj\u00e1nljuk fel. Szeretettel h\u00edvom \u00e9s v\u00e1rom a Kedves Testv\u00e9reket a k\u00f6z\u00f6s im\u00e1ds\u00e1gra.<\/p>\n","protected":false},"author":2,"featured_media":0,"comment_status":"closed","ping_status":"open","sticky":false,"template":"","format":"standard","meta":[],"categories":[9,2],"tags":[],"_links":{"self":[{"href":"https:\/\/szentistvan.dnyem.hu\/index.php?rest_route=\/wp\/v2\/posts\/1783"}],"collection":[{"href":"https:\/\/szentistvan.dnyem.hu\/index.php?rest_route=\/wp\/v2\/posts"}],"about":[{"href":"https:\/\/szentistvan.dnyem.hu\/index.php?rest_route=\/wp\/v2\/types\/post"}],"author":[{"embeddable":true,"href":"https:\/\/szentistvan.dnyem.hu\/index.php?rest_route=\/wp\/v2\/users\/2"}],"replies":[{"embeddable":true,"href":"https:\/\/szentistvan.dnyem.hu\/index.php?rest_route=%2Fwp%2Fv2%2Fcomments&post=1783"}],"version-history":[{"count":1,"href":"https:\/\/szentistvan.dnyem.hu\/index.php?rest_route=\/wp\/v2\/posts\/1783\/revisions"}],"predecessor-version":[{"id":1784,"href":"https:\/\/szentistvan.dnyem.hu\/index.php?rest_route=\/wp\/v2\/posts\/1783\/revisions\/1784"}],"wp:attachment":[{"href":"https:\/\/szentistvan.dnyem.hu\/index.php?rest_route=%2Fwp%2Fv2%2Fmedia&parent=1783"}],"wp:term":[{"taxonomy":"category","embeddable":true,"href":"https:\/\/szentistvan.dnyem.hu\/index.php?rest_route=%2Fwp%2Fv2%2Fcategories&post=1783"},{"taxonomy":"post_tag","embeddable":true,"href":"https:\/\/szentistvan.dnyem.hu\/index.php?rest_route=%2Fwp%2Fv2%2Ftags&post=1783"}],"curies":[{"name":"wp","href":"https:\/\/api.w.org\/{rel}","templated":true}]}}