{"id":1777,"date":"2017-12-25T11:03:01","date_gmt":"2017-12-25T09:03:01","guid":{"rendered":"http:\/\/szentistvan.dnyem.hu\/?p=1777"},"modified":"2017-12-25T11:03:01","modified_gmt":"2017-12-25T09:03:01","slug":"szentmiserend-2017-ben-a-karacsonyt-koveto-napokban","status":"publish","type":"post","link":"https:\/\/szentistvan.dnyem.hu\/?p=1777","title":{"rendered":"Szentmiserend 2017-ben a kar\u00e1csonyt k\u00f6vet\u0151 napokban"},"content":{"rendered":"<p><strong>2017. december 27-\u00e9n (szerd\u00e1n) \u00e9s 28-\u00e1n (cs\u00fct\u00f6rt\u00f6k\u00f6n) nem lesz templomunkban szentmise, 29-\u00e9n (p\u00e9nteken) \u00e9s 30-\u00e1n (szombaton) 07:00-kor viszont igen!<\/strong><\/p>\n","protected":false},"excerpt":{"rendered":"<p>2017. december 27-\u00e9n (szerd\u00e1n) \u00e9s 28-\u00e1n (cs\u00fct\u00f6rt\u00f6k\u00f6n) nem lesz templomunkban szentmise, 29-\u00e9n (p\u00e9nteken) \u00e9s 30-\u00e1n (szombaton) 07:00-kor viszont igen!<\/p>\n","protected":false},"author":2,"featured_media":0,"comment_status":"closed","ping_status":"open","sticky":false,"template":"","format":"standard","meta":[],"categories":[9,2],"tags":[],"_links":{"self":[{"href":"https:\/\/szentistvan.dnyem.hu\/index.php?rest_route=\/wp\/v2\/posts\/1777"}],"collection":[{"href":"https:\/\/szentistvan.dnyem.hu\/index.php?rest_route=\/wp\/v2\/posts"}],"about":[{"href":"https:\/\/szentistvan.dnyem.hu\/index.php?rest_route=\/wp\/v2\/types\/post"}],"author":[{"embeddable":true,"href":"https:\/\/szentistvan.dnyem.hu\/index.php?rest_route=\/wp\/v2\/users\/2"}],"replies":[{"embeddable":true,"href":"https:\/\/szentistvan.dnyem.hu\/index.php?rest_route=%2Fwp%2Fv2%2Fcomments&post=1777"}],"version-history":[{"count":1,"href":"https:\/\/szentistvan.dnyem.hu\/index.php?rest_route=\/wp\/v2\/posts\/1777\/revisions"}],"predecessor-version":[{"id":1778,"href":"https:\/\/szentistvan.dnyem.hu\/index.php?rest_route=\/wp\/v2\/posts\/1777\/revisions\/1778"}],"wp:attachment":[{"href":"https:\/\/szentistvan.dnyem.hu\/index.php?rest_route=%2Fwp%2Fv2%2Fmedia&parent=1777"}],"wp:term":[{"taxonomy":"category","embeddable":true,"href":"https:\/\/szentistvan.dnyem.hu\/index.php?rest_route=%2Fwp%2Fv2%2Fcategories&post=1777"},{"taxonomy":"post_tag","embeddable":true,"href":"https:\/\/szentistvan.dnyem.hu\/index.php?rest_route=%2Fwp%2Fv2%2Ftags&post=1777"}],"curies":[{"name":"wp","href":"https:\/\/api.w.org\/{rel}","templated":true}]}}