{"id":1775,"date":"2017-12-25T11:00:19","date_gmt":"2017-12-25T09:00:19","guid":{"rendered":"http:\/\/szentistvan.dnyem.hu\/?p=1775"},"modified":"2017-12-25T11:00:19","modified_gmt":"2017-12-25T09:00:19","slug":"karacsonyi-unnepi-miserend-2017-ben","status":"publish","type":"post","link":"https:\/\/szentistvan.dnyem.hu\/?p=1775","title":{"rendered":"Kar\u00e1csonyi \u00fcnnepi miserend 2017-ben"},"content":{"rendered":"<p><strong>2017. december 25-\u00e9n \u00e9s 26-\u00e1n 9:30-kor kezd\u0151dik az \u00fcnnepi szentmise!<\/strong><\/p>\n","protected":false},"excerpt":{"rendered":"<p>2017. december 25-\u00e9n \u00e9s 26-\u00e1n 9:30-kor kezd\u0151dik az \u00fcnnepi szentmise!<\/p>\n","protected":false},"author":2,"featured_media":0,"comment_status":"closed","ping_status":"open","sticky":false,"template":"","format":"standard","meta":[],"categories":[9,2],"tags":[],"_links":{"self":[{"href":"https:\/\/szentistvan.dnyem.hu\/index.php?rest_route=\/wp\/v2\/posts\/1775"}],"collection":[{"href":"https:\/\/szentistvan.dnyem.hu\/index.php?rest_route=\/wp\/v2\/posts"}],"about":[{"href":"https:\/\/szentistvan.dnyem.hu\/index.php?rest_route=\/wp\/v2\/types\/post"}],"author":[{"embeddable":true,"href":"https:\/\/szentistvan.dnyem.hu\/index.php?rest_route=\/wp\/v2\/users\/2"}],"replies":[{"embeddable":true,"href":"https:\/\/szentistvan.dnyem.hu\/index.php?rest_route=%2Fwp%2Fv2%2Fcomments&post=1775"}],"version-history":[{"count":1,"href":"https:\/\/szentistvan.dnyem.hu\/index.php?rest_route=\/wp\/v2\/posts\/1775\/revisions"}],"predecessor-version":[{"id":1776,"href":"https:\/\/szentistvan.dnyem.hu\/index.php?rest_route=\/wp\/v2\/posts\/1775\/revisions\/1776"}],"wp:attachment":[{"href":"https:\/\/szentistvan.dnyem.hu\/index.php?rest_route=%2Fwp%2Fv2%2Fmedia&parent=1775"}],"wp:term":[{"taxonomy":"category","embeddable":true,"href":"https:\/\/szentistvan.dnyem.hu\/index.php?rest_route=%2Fwp%2Fv2%2Fcategories&post=1775"},{"taxonomy":"post_tag","embeddable":true,"href":"https:\/\/szentistvan.dnyem.hu\/index.php?rest_route=%2Fwp%2Fv2%2Ftags&post=1775"}],"curies":[{"name":"wp","href":"https:\/\/api.w.org\/{rel}","templated":true}]}}