{"id":1772,"date":"2017-12-25T10:58:07","date_gmt":"2017-12-25T08:58:07","guid":{"rendered":"http:\/\/szentistvan.dnyem.hu\/?p=1772"},"modified":"2017-12-25T10:58:34","modified_gmt":"2017-12-25T08:58:34","slug":"koszonet-4","status":"publish","type":"post","link":"https:\/\/szentistvan.dnyem.hu\/?p=1772","title":{"rendered":"K\u00f6sz\u00f6net"},"content":{"rendered":"<p><strong>H\u00e1l\u00e1san k\u00f6sz\u00f6n\u00f6m a Kedves testv\u00e9reknek a 2017-es adventi k\u00f6z\u00f6s ror\u00e1te szentmis\u00e9ket, a k\u00fcl\u00f6nb\u00f6z\u0151 karitat\u00edv gy\u0171jt\u00e9sekben val\u00f3 igazi r\u00e9szv\u00e9telt.<\/strong><\/p>\n<p>Isten fizesse meg mindenkinek!<\/p>\n","protected":false},"excerpt":{"rendered":"<p>H\u00e1l\u00e1san k\u00f6sz\u00f6n\u00f6m a Kedves testv\u00e9reknek a 2017-es adventi k\u00f6z\u00f6s ror\u00e1te szentmis\u00e9ket, a k\u00fcl\u00f6nb\u00f6z\u0151 karitat\u00edv gy\u0171jt\u00e9sekben val\u00f3 igazi r\u00e9szv\u00e9telt. Isten fizesse meg mindenkinek!<\/p>\n","protected":false},"author":2,"featured_media":0,"comment_status":"closed","ping_status":"open","sticky":false,"template":"","format":"standard","meta":[],"categories":[1,9,7],"tags":[],"_links":{"self":[{"href":"https:\/\/szentistvan.dnyem.hu\/index.php?rest_route=\/wp\/v2\/posts\/1772"}],"collection":[{"href":"https:\/\/szentistvan.dnyem.hu\/index.php?rest_route=\/wp\/v2\/posts"}],"about":[{"href":"https:\/\/szentistvan.dnyem.hu\/index.php?rest_route=\/wp\/v2\/types\/post"}],"author":[{"embeddable":true,"href":"https:\/\/szentistvan.dnyem.hu\/index.php?rest_route=\/wp\/v2\/users\/2"}],"replies":[{"embeddable":true,"href":"https:\/\/szentistvan.dnyem.hu\/index.php?rest_route=%2Fwp%2Fv2%2Fcomments&post=1772"}],"version-history":[{"count":2,"href":"https:\/\/szentistvan.dnyem.hu\/index.php?rest_route=\/wp\/v2\/posts\/1772\/revisions"}],"predecessor-version":[{"id":1774,"href":"https:\/\/szentistvan.dnyem.hu\/index.php?rest_route=\/wp\/v2\/posts\/1772\/revisions\/1774"}],"wp:attachment":[{"href":"https:\/\/szentistvan.dnyem.hu\/index.php?rest_route=%2Fwp%2Fv2%2Fmedia&parent=1772"}],"wp:term":[{"taxonomy":"category","embeddable":true,"href":"https:\/\/szentistvan.dnyem.hu\/index.php?rest_route=%2Fwp%2Fv2%2Fcategories&post=1772"},{"taxonomy":"post_tag","embeddable":true,"href":"https:\/\/szentistvan.dnyem.hu\/index.php?rest_route=%2Fwp%2Fv2%2Ftags&post=1772"}],"curies":[{"name":"wp","href":"https:\/\/api.w.org\/{rel}","templated":true}]}}