{"id":1770,"date":"2017-12-25T10:55:20","date_gmt":"2017-12-25T08:55:20","guid":{"rendered":"http:\/\/szentistvan.dnyem.hu\/?p=1770"},"modified":"2017-12-25T10:55:20","modified_gmt":"2017-12-25T08:55:20","slug":"december-24-a-templomunkban","status":"publish","type":"post","link":"https:\/\/szentistvan.dnyem.hu\/?p=1770","title":{"rendered":"December 24. a templomunkban"},"content":{"rendered":"<p><strong>December 24-\u00e9n, vas\u00e1rnap 23:00-kor nyitjuk ki a templomot, majs 23:30-t\u00f3l a gyermekek p\u00e9sztorj\u00e1t\u00e9ka, 00:00-t\u00f3l pedig az \u00fcnepi \u00e9jf\u00e9li mise.<\/strong><\/p>\n<p>H\u00edvom \u00e9s v\u00e1rom a Kedves testv\u00e9reket!<\/p>\n","protected":false},"excerpt":{"rendered":"<p>December 24-\u00e9n, vas\u00e1rnap 23:00-kor nyitjuk ki a templomot, majs 23:30-t\u00f3l a gyermekek p\u00e9sztorj\u00e1t\u00e9ka, 00:00-t\u00f3l pedig az \u00fcnepi \u00e9jf\u00e9li mise. H\u00edvom \u00e9s v\u00e1rom a Kedves testv\u00e9reket!<\/p>\n","protected":false},"author":2,"featured_media":0,"comment_status":"closed","ping_status":"open","sticky":false,"template":"","format":"standard","meta":[],"categories":[9,2],"tags":[],"_links":{"self":[{"href":"https:\/\/szentistvan.dnyem.hu\/index.php?rest_route=\/wp\/v2\/posts\/1770"}],"collection":[{"href":"https:\/\/szentistvan.dnyem.hu\/index.php?rest_route=\/wp\/v2\/posts"}],"about":[{"href":"https:\/\/szentistvan.dnyem.hu\/index.php?rest_route=\/wp\/v2\/types\/post"}],"author":[{"embeddable":true,"href":"https:\/\/szentistvan.dnyem.hu\/index.php?rest_route=\/wp\/v2\/users\/2"}],"replies":[{"embeddable":true,"href":"https:\/\/szentistvan.dnyem.hu\/index.php?rest_route=%2Fwp%2Fv2%2Fcomments&post=1770"}],"version-history":[{"count":1,"href":"https:\/\/szentistvan.dnyem.hu\/index.php?rest_route=\/wp\/v2\/posts\/1770\/revisions"}],"predecessor-version":[{"id":1771,"href":"https:\/\/szentistvan.dnyem.hu\/index.php?rest_route=\/wp\/v2\/posts\/1770\/revisions\/1771"}],"wp:attachment":[{"href":"https:\/\/szentistvan.dnyem.hu\/index.php?rest_route=%2Fwp%2Fv2%2Fmedia&parent=1770"}],"wp:term":[{"taxonomy":"category","embeddable":true,"href":"https:\/\/szentistvan.dnyem.hu\/index.php?rest_route=%2Fwp%2Fv2%2Fcategories&post=1770"},{"taxonomy":"post_tag","embeddable":true,"href":"https:\/\/szentistvan.dnyem.hu\/index.php?rest_route=%2Fwp%2Fv2%2Ftags&post=1770"}],"curies":[{"name":"wp","href":"https:\/\/api.w.org\/{rel}","templated":true}]}}