{"id":1759,"date":"2017-12-23T23:51:16","date_gmt":"2017-12-23T21:51:16","guid":{"rendered":"http:\/\/szentistvan.dnyem.hu\/?p=1759"},"modified":"2017-12-23T23:51:16","modified_gmt":"2017-12-23T21:51:16","slug":"karacsonyi-ajandekosztas","status":"publish","type":"post","link":"https:\/\/szentistvan.dnyem.hu\/?p=1759","title":{"rendered":"Kar\u00e1csonyi aj\u00e1nd\u00e9koszt\u00e1s"},"content":{"rendered":"<p><strong>A pl\u00e9b\u00e1niai Karit\u00e1sz csoport<\/strong> az advent folyam\u00e1n be\u00e9rkezett t\u00e1rgyi \u00e9s p\u00e9nzadom\u00e1nyokb\u00f3l a pl\u00e9b\u00e1ni\u00e1n <strong>aj\u00e1nd\u00e9k csomagokat \u00e1ll\u00edtott \u00f6ssze csal\u00e1dok r\u00e9sz\u00e9re.<\/strong><\/p>\n<p>Az \u00e9lelmiszerb\u0151l, j\u00e1t\u00e9kokb\u00f3l \u00e9s k\u00f6nyvekb\u0151l \u00f6ssze\u00e1ll\u00edtott <strong>csomagokat december 21-\u00e9n Zolt\u00e1n atya \u00e9s a Karit\u00e1sz csoport meghitt hangulatban k\u00f6z\u00f6sen adta \u00e1t a gyerekeknek \u00e9s a sz\u00fcl\u0151knek.<\/strong><\/p>\n<p><strong>M\u00e9g egyszer h\u00e1l\u00e1san k\u00f6sz\u00f6nj\u00fck adom\u00e1nyaikat!<img loading=\"lazy\" class=\"alignnone size-large wp-image-1766\" src=\"http:\/\/szentistvan.dnyem.hu\/wp-content\/uploads\/2017\/12\/k1-575x1024.jpg\" alt=\"\" width=\"575\" height=\"1024\" srcset=\"https:\/\/szentistvan.dnyem.hu\/wp-content\/uploads\/2017\/12\/k1-575x1024.jpg 575w, https:\/\/szentistvan.dnyem.hu\/wp-content\/uploads\/2017\/12\/k1-303x540.jpg 303w, https:\/\/szentistvan.dnyem.hu\/wp-content\/uploads\/2017\/12\/k1-768x1367.jpg 768w, https:\/\/szentistvan.dnyem.hu\/wp-content\/uploads\/2017\/12\/k1.jpg 1456w\" sizes=\"(max-width: 575px) 100vw, 575px\" \/><img loading=\"lazy\" class=\"alignnone size-large wp-image-1765\" src=\"http:\/\/szentistvan.dnyem.hu\/wp-content\/uploads\/2017\/12\/k2-1024x768.jpg\" alt=\"\" width=\"1024\" height=\"768\" srcset=\"https:\/\/szentistvan.dnyem.hu\/wp-content\/uploads\/2017\/12\/k2-1024x768.jpg 1024w, https:\/\/szentistvan.dnyem.hu\/wp-content\/uploads\/2017\/12\/k2-540x405.jpg 540w, https:\/\/szentistvan.dnyem.hu\/wp-content\/uploads\/2017\/12\/k2-768x576.jpg 768w\" sizes=\"(max-width: 1024px) 100vw, 1024px\" \/><img loading=\"lazy\" class=\"alignnone size-large wp-image-1764\" src=\"http:\/\/szentistvan.dnyem.hu\/wp-content\/uploads\/2017\/12\/k3-1024x768.jpg\" alt=\"\" width=\"1024\" height=\"768\" srcset=\"https:\/\/szentistvan.dnyem.hu\/wp-content\/uploads\/2017\/12\/k3-1024x768.jpg 1024w, https:\/\/szentistvan.dnyem.hu\/wp-content\/uploads\/2017\/12\/k3-540x405.jpg 540w, https:\/\/szentistvan.dnyem.hu\/wp-content\/uploads\/2017\/12\/k3-768x576.jpg 768w\" sizes=\"(max-width: 1024px) 100vw, 1024px\" \/><img loading=\"lazy\" class=\"alignnone size-large wp-image-1763\" src=\"http:\/\/szentistvan.dnyem.hu\/wp-content\/uploads\/2017\/12\/k4-768x1024.jpg\" alt=\"\" width=\"768\" height=\"1024\" srcset=\"https:\/\/szentistvan.dnyem.hu\/wp-content\/uploads\/2017\/12\/k4-768x1024.jpg 768w, https:\/\/szentistvan.dnyem.hu\/wp-content\/uploads\/2017\/12\/k4-405x540.jpg 405w\" sizes=\"(max-width: 768px) 100vw, 768px\" \/><img loading=\"lazy\" class=\"alignnone size-large wp-image-1762\" src=\"http:\/\/szentistvan.dnyem.hu\/wp-content\/uploads\/2017\/12\/k5-768x1024.jpg\" alt=\"\" width=\"768\" height=\"1024\" srcset=\"https:\/\/szentistvan.dnyem.hu\/wp-content\/uploads\/2017\/12\/k5-768x1024.jpg 768w, https:\/\/szentistvan.dnyem.hu\/wp-content\/uploads\/2017\/12\/k5-405x540.jpg 405w\" sizes=\"(max-width: 768px) 100vw, 768px\" \/><img loading=\"lazy\" class=\"alignnone size-large wp-image-1761\" src=\"http:\/\/szentistvan.dnyem.hu\/wp-content\/uploads\/2017\/12\/k6-768x1024.jpg\" alt=\"\" width=\"768\" height=\"1024\" srcset=\"https:\/\/szentistvan.dnyem.hu\/wp-content\/uploads\/2017\/12\/k6-768x1024.jpg 768w, https:\/\/szentistvan.dnyem.hu\/wp-content\/uploads\/2017\/12\/k6-405x540.jpg 405w\" sizes=\"(max-width: 768px) 100vw, 768px\" \/><\/strong><\/p>\n","protected":false},"excerpt":{"rendered":"<p>A pl\u00e9b\u00e1niai Karit\u00e1sz csoport az advent folyam\u00e1n be\u00e9rkezett t\u00e1rgyi \u00e9s p\u00e9nzadom\u00e1nyokb\u00f3l a pl\u00e9b\u00e1ni\u00e1n aj\u00e1nd\u00e9k csomagokat \u00e1ll\u00edtott \u00f6ssze csal\u00e1dok r\u00e9sz\u00e9re. Az \u00e9lelmiszerb\u0151l, j\u00e1t\u00e9kokb\u00f3l \u00e9s k\u00f6nyvekb\u0151l \u00f6ssze\u00e1ll\u00edtott&#8230;<\/p>\n","protected":false},"author":2,"featured_media":0,"comment_status":"closed","ping_status":"open","sticky":false,"template":"","format":"standard","meta":[],"categories":[5,7],"tags":[],"_links":{"self":[{"href":"https:\/\/szentistvan.dnyem.hu\/index.php?rest_route=\/wp\/v2\/posts\/1759"}],"collection":[{"href":"https:\/\/szentistvan.dnyem.hu\/index.php?rest_route=\/wp\/v2\/posts"}],"about":[{"href":"https:\/\/szentistvan.dnyem.hu\/index.php?rest_route=\/wp\/v2\/types\/post"}],"author":[{"embeddable":true,"href":"https:\/\/szentistvan.dnyem.hu\/index.php?rest_route=\/wp\/v2\/users\/2"}],"replies":[{"embeddable":true,"href":"https:\/\/szentistvan.dnyem.hu\/index.php?rest_route=%2Fwp%2Fv2%2Fcomments&post=1759"}],"version-history":[{"count":1,"href":"https:\/\/szentistvan.dnyem.hu\/index.php?rest_route=\/wp\/v2\/posts\/1759\/revisions"}],"predecessor-version":[{"id":1767,"href":"https:\/\/szentistvan.dnyem.hu\/index.php?rest_route=\/wp\/v2\/posts\/1759\/revisions\/1767"}],"wp:attachment":[{"href":"https:\/\/szentistvan.dnyem.hu\/index.php?rest_route=%2Fwp%2Fv2%2Fmedia&parent=1759"}],"wp:term":[{"taxonomy":"category","embeddable":true,"href":"https:\/\/szentistvan.dnyem.hu\/index.php?rest_route=%2Fwp%2Fv2%2Fcategories&post=1759"},{"taxonomy":"post_tag","embeddable":true,"href":"https:\/\/szentistvan.dnyem.hu\/index.php?rest_route=%2Fwp%2Fv2%2Ftags&post=1759"}],"curies":[{"name":"wp","href":"https:\/\/api.w.org\/{rel}","templated":true}]}}