{"id":1756,"date":"2017-12-18T20:06:48","date_gmt":"2017-12-18T18:06:48","guid":{"rendered":"http:\/\/szentistvan.dnyem.hu\/?p=1756"},"modified":"2017-12-18T20:06:48","modified_gmt":"2017-12-18T18:06:48","slug":"adventi-koncert","status":"publish","type":"post","link":"https:\/\/szentistvan.dnyem.hu\/?p=1756","title":{"rendered":"Adventi koncert"},"content":{"rendered":"<p><strong> December 22-\u00e9n, p\u00e9nteken 18.45 \u00f3rakor adventi koncert lesz a Szent Anna templomban.<\/strong><\/p>\n<p>Fell\u00e9p a h\u00edres <strong>Magyar Virtu\u00f3zok Kamarazenekar.<\/strong><\/p>\n<p>A programban a komolyzene \u00f6r\u00f6kz\u00f6ldjei csend\u00fclnek fel.<\/p>\n<p>Aki szeretne jut\u00e1nyos jegyet, az iratkozzon fel a sekresty\u00e9ben.\u00a0Szeretettel h\u00edvunk mindenkit!<\/p>\n","protected":false},"excerpt":{"rendered":"<p>December 22-\u00e9n, p\u00e9nteken 18.45 \u00f3rakor adventi koncert lesz a Szent Anna templomban. Fell\u00e9p a h\u00edres Magyar Virtu\u00f3zok Kamarazenekar. A programban a komolyzene \u00f6r\u00f6kz\u00f6ldjei csend\u00fclnek fel&#8230;.<\/p>\n","protected":false},"author":2,"featured_media":0,"comment_status":"closed","ping_status":"open","sticky":false,"template":"","format":"standard","meta":[],"categories":[2],"tags":[],"_links":{"self":[{"href":"https:\/\/szentistvan.dnyem.hu\/index.php?rest_route=\/wp\/v2\/posts\/1756"}],"collection":[{"href":"https:\/\/szentistvan.dnyem.hu\/index.php?rest_route=\/wp\/v2\/posts"}],"about":[{"href":"https:\/\/szentistvan.dnyem.hu\/index.php?rest_route=\/wp\/v2\/types\/post"}],"author":[{"embeddable":true,"href":"https:\/\/szentistvan.dnyem.hu\/index.php?rest_route=\/wp\/v2\/users\/2"}],"replies":[{"embeddable":true,"href":"https:\/\/szentistvan.dnyem.hu\/index.php?rest_route=%2Fwp%2Fv2%2Fcomments&post=1756"}],"version-history":[{"count":1,"href":"https:\/\/szentistvan.dnyem.hu\/index.php?rest_route=\/wp\/v2\/posts\/1756\/revisions"}],"predecessor-version":[{"id":1757,"href":"https:\/\/szentistvan.dnyem.hu\/index.php?rest_route=\/wp\/v2\/posts\/1756\/revisions\/1757"}],"wp:attachment":[{"href":"https:\/\/szentistvan.dnyem.hu\/index.php?rest_route=%2Fwp%2Fv2%2Fmedia&parent=1756"}],"wp:term":[{"taxonomy":"category","embeddable":true,"href":"https:\/\/szentistvan.dnyem.hu\/index.php?rest_route=%2Fwp%2Fv2%2Fcategories&post=1756"},{"taxonomy":"post_tag","embeddable":true,"href":"https:\/\/szentistvan.dnyem.hu\/index.php?rest_route=%2Fwp%2Fv2%2Ftags&post=1756"}],"curies":[{"name":"wp","href":"https:\/\/api.w.org\/{rel}","templated":true}]}}