{"id":1754,"date":"2017-12-18T19:50:21","date_gmt":"2017-12-18T17:50:21","guid":{"rendered":"http:\/\/szentistvan.dnyem.hu\/?p=1754"},"modified":"2017-12-18T19:50:21","modified_gmt":"2017-12-18T17:50:21","slug":"puspoki-rorate-szentmise","status":"publish","type":"post","link":"https:\/\/szentistvan.dnyem.hu\/?p=1754","title":{"rendered":"P\u00fcsp\u00f6ki rorate szentmise"},"content":{"rendered":"<p align=\"justify\"><strong><span style=\"font-family: Arial Narrow,serif;\"><span style=\"font-size: medium;\">December 21-\u00e9n, cs\u00fct\u00f6rt\u00f6k\u00f6n reggel a Ror\u00e1t\u00e9 szentmis\u00e9t itt templomunkban <\/span><\/span><\/strong><\/p>\n<p align=\"justify\"><em><span style=\"font-family: Arial Narrow,serif;\"><span style=\"font-size: medium;\"><strong>F\u0151tisztelend\u0151 Pal\u00e1nki Ferenc p\u00fcsp\u00f6k atya<\/strong> <\/span><\/span><\/em><\/p>\n<p align=\"justify\"><strong><span style=\"font-family: Arial Narrow,serif;\"><span style=\"font-size: medium;\">fogja v\u00e9gezni.<\/span><\/span><\/strong><\/p>\n","protected":false},"excerpt":{"rendered":"<p>December 21-\u00e9n, cs\u00fct\u00f6rt\u00f6k\u00f6n reggel a Ror\u00e1t\u00e9 szentmis\u00e9t itt templomunkban F\u0151tisztelend\u0151 Pal\u00e1nki Ferenc p\u00fcsp\u00f6k atya fogja v\u00e9gezni.<\/p>\n","protected":false},"author":2,"featured_media":0,"comment_status":"closed","ping_status":"open","sticky":false,"template":"","format":"standard","meta":[],"categories":[9,2],"tags":[],"_links":{"self":[{"href":"https:\/\/szentistvan.dnyem.hu\/index.php?rest_route=\/wp\/v2\/posts\/1754"}],"collection":[{"href":"https:\/\/szentistvan.dnyem.hu\/index.php?rest_route=\/wp\/v2\/posts"}],"about":[{"href":"https:\/\/szentistvan.dnyem.hu\/index.php?rest_route=\/wp\/v2\/types\/post"}],"author":[{"embeddable":true,"href":"https:\/\/szentistvan.dnyem.hu\/index.php?rest_route=\/wp\/v2\/users\/2"}],"replies":[{"embeddable":true,"href":"https:\/\/szentistvan.dnyem.hu\/index.php?rest_route=%2Fwp%2Fv2%2Fcomments&post=1754"}],"version-history":[{"count":1,"href":"https:\/\/szentistvan.dnyem.hu\/index.php?rest_route=\/wp\/v2\/posts\/1754\/revisions"}],"predecessor-version":[{"id":1755,"href":"https:\/\/szentistvan.dnyem.hu\/index.php?rest_route=\/wp\/v2\/posts\/1754\/revisions\/1755"}],"wp:attachment":[{"href":"https:\/\/szentistvan.dnyem.hu\/index.php?rest_route=%2Fwp%2Fv2%2Fmedia&parent=1754"}],"wp:term":[{"taxonomy":"category","embeddable":true,"href":"https:\/\/szentistvan.dnyem.hu\/index.php?rest_route=%2Fwp%2Fv2%2Fcategories&post=1754"},{"taxonomy":"post_tag","embeddable":true,"href":"https:\/\/szentistvan.dnyem.hu\/index.php?rest_route=%2Fwp%2Fv2%2Ftags&post=1754"}],"curies":[{"name":"wp","href":"https:\/\/api.w.org\/{rel}","templated":true}]}}