{"id":1747,"date":"2017-12-10T22:35:58","date_gmt":"2017-12-10T20:35:58","guid":{"rendered":"http:\/\/szentistvan.dnyem.hu\/?p=1747"},"modified":"2017-12-10T22:35:58","modified_gmt":"2017-12-10T20:35:58","slug":"adventi-bunbanati-este","status":"publish","type":"post","link":"https:\/\/szentistvan.dnyem.hu\/?p=1747","title":{"rendered":"Adventi b\u0171nb\u00e1nati este"},"content":{"rendered":"<p>Adventi b\u0171nb\u00e1nati est\u00e9t tartunk, <strong>december 14-\u00e9n, cs\u00fct\u00f6rt\u00f6k\u00f6n este 17:00-t\u00f3l.<\/strong><\/p>\n<p>Vend\u00e9g aty\u00e1k is fognak majd gy\u00f3ntatni.<\/p>\n<p>Szeretettel h\u00edvom \u00e9s v\u00e1rom a Kedves Testv\u00e9reket, mert j\u00f3 alkalom arra, is, hogy elv\u00e9gezz\u00fck a kar\u00e1csonyi szentgy\u00f3n\u00e1sunkat is.<\/p>\n","protected":false},"excerpt":{"rendered":"<p>Adventi b\u0171nb\u00e1nati est\u00e9t tartunk, december 14-\u00e9n, cs\u00fct\u00f6rt\u00f6k\u00f6n este 17:00-t\u00f3l. Vend\u00e9g aty\u00e1k is fognak majd gy\u00f3ntatni. Szeretettel h\u00edvom \u00e9s v\u00e1rom a Kedves Testv\u00e9reket, mert j\u00f3 alkalom&#8230;<\/p>\n","protected":false},"author":2,"featured_media":0,"comment_status":"closed","ping_status":"open","sticky":false,"template":"","format":"standard","meta":[],"categories":[1,9,2],"tags":[],"_links":{"self":[{"href":"https:\/\/szentistvan.dnyem.hu\/index.php?rest_route=\/wp\/v2\/posts\/1747"}],"collection":[{"href":"https:\/\/szentistvan.dnyem.hu\/index.php?rest_route=\/wp\/v2\/posts"}],"about":[{"href":"https:\/\/szentistvan.dnyem.hu\/index.php?rest_route=\/wp\/v2\/types\/post"}],"author":[{"embeddable":true,"href":"https:\/\/szentistvan.dnyem.hu\/index.php?rest_route=\/wp\/v2\/users\/2"}],"replies":[{"embeddable":true,"href":"https:\/\/szentistvan.dnyem.hu\/index.php?rest_route=%2Fwp%2Fv2%2Fcomments&post=1747"}],"version-history":[{"count":1,"href":"https:\/\/szentistvan.dnyem.hu\/index.php?rest_route=\/wp\/v2\/posts\/1747\/revisions"}],"predecessor-version":[{"id":1748,"href":"https:\/\/szentistvan.dnyem.hu\/index.php?rest_route=\/wp\/v2\/posts\/1747\/revisions\/1748"}],"wp:attachment":[{"href":"https:\/\/szentistvan.dnyem.hu\/index.php?rest_route=%2Fwp%2Fv2%2Fmedia&parent=1747"}],"wp:term":[{"taxonomy":"category","embeddable":true,"href":"https:\/\/szentistvan.dnyem.hu\/index.php?rest_route=%2Fwp%2Fv2%2Fcategories&post=1747"},{"taxonomy":"post_tag","embeddable":true,"href":"https:\/\/szentistvan.dnyem.hu\/index.php?rest_route=%2Fwp%2Fv2%2Ftags&post=1747"}],"curies":[{"name":"wp","href":"https:\/\/api.w.org\/{rel}","templated":true}]}}