{"id":1736,"date":"2017-12-03T20:51:41","date_gmt":"2017-12-03T18:51:41","guid":{"rendered":"http:\/\/szentistvan.dnyem.hu\/?p=1736"},"modified":"2017-12-03T20:51:41","modified_gmt":"2017-12-03T18:51:41","slug":"koszonet-a-takaritasert","status":"publish","type":"post","link":"https:\/\/szentistvan.dnyem.hu\/?p=1736","title":{"rendered":"K\u00f6sz\u00f6net a takar\u00edt\u00e1s\u00e9rt"},"content":{"rendered":"<p><strong>K\u00f6sz\u00f6n\u00f6m a templom takar\u00edt\u00e1s\u00e1ban r\u00e9sztvev\u0151knek a seg\u00edts\u00e9g\u00e9t.<\/strong><\/p>\n<p><strong>Isten fizesse meg nekik!<\/strong><\/p>\n","protected":false},"excerpt":{"rendered":"<p>K\u00f6sz\u00f6n\u00f6m a templom takar\u00edt\u00e1s\u00e1ban r\u00e9sztvev\u0151knek a seg\u00edts\u00e9g\u00e9t. Isten fizesse meg nekik!<\/p>\n","protected":false},"author":2,"featured_media":0,"comment_status":"closed","ping_status":"open","sticky":false,"template":"","format":"standard","meta":[],"categories":[1],"tags":[],"_links":{"self":[{"href":"https:\/\/szentistvan.dnyem.hu\/index.php?rest_route=\/wp\/v2\/posts\/1736"}],"collection":[{"href":"https:\/\/szentistvan.dnyem.hu\/index.php?rest_route=\/wp\/v2\/posts"}],"about":[{"href":"https:\/\/szentistvan.dnyem.hu\/index.php?rest_route=\/wp\/v2\/types\/post"}],"author":[{"embeddable":true,"href":"https:\/\/szentistvan.dnyem.hu\/index.php?rest_route=\/wp\/v2\/users\/2"}],"replies":[{"embeddable":true,"href":"https:\/\/szentistvan.dnyem.hu\/index.php?rest_route=%2Fwp%2Fv2%2Fcomments&post=1736"}],"version-history":[{"count":1,"href":"https:\/\/szentistvan.dnyem.hu\/index.php?rest_route=\/wp\/v2\/posts\/1736\/revisions"}],"predecessor-version":[{"id":1737,"href":"https:\/\/szentistvan.dnyem.hu\/index.php?rest_route=\/wp\/v2\/posts\/1736\/revisions\/1737"}],"wp:attachment":[{"href":"https:\/\/szentistvan.dnyem.hu\/index.php?rest_route=%2Fwp%2Fv2%2Fmedia&parent=1736"}],"wp:term":[{"taxonomy":"category","embeddable":true,"href":"https:\/\/szentistvan.dnyem.hu\/index.php?rest_route=%2Fwp%2Fv2%2Fcategories&post=1736"},{"taxonomy":"post_tag","embeddable":true,"href":"https:\/\/szentistvan.dnyem.hu\/index.php?rest_route=%2Fwp%2Fv2%2Ftags&post=1736"}],"curies":[{"name":"wp","href":"https:\/\/api.w.org\/{rel}","templated":true}]}}