{"id":1731,"date":"2017-12-03T20:47:18","date_gmt":"2017-12-03T18:47:18","guid":{"rendered":"http:\/\/szentistvan.dnyem.hu\/?p=1731"},"modified":"2017-12-10T22:36:54","modified_gmt":"2017-12-10T20:36:54","slug":"rorate-szentmisek","status":"publish","type":"post","link":"https:\/\/szentistvan.dnyem.hu\/?p=1731","title":{"rendered":"Rorate szentmis\u00e9k"},"content":{"rendered":"<p><strong>Minden adventi h\u00e9tk\u00f6znap reggel 6:00-t\u00f3l <a href=\"http:\/\/lexikon.katolikus.hu\/H\/hajnali%20mise.html\">Rorate szentmis\u00e9ket<\/a> v\u00e9gz\u00fcnk a templomban.<\/strong><\/p>\n<p><strong>H\u00edvom \u00e9s v\u00e1rom a Kedves Testv\u00e9reket!<\/strong><\/p>\n","protected":false},"excerpt":{"rendered":"<p>Minden adventi h\u00e9tk\u00f6znap reggel 6:00-t\u00f3l Rorate szentmis\u00e9ket v\u00e9gz\u00fcnk a templomban. H\u00edvom \u00e9s v\u00e1rom a Kedves Testv\u00e9reket!<\/p>\n","protected":false},"author":2,"featured_media":0,"comment_status":"closed","ping_status":"open","sticky":false,"template":"","format":"standard","meta":[],"categories":[1,9,2],"tags":[],"_links":{"self":[{"href":"https:\/\/szentistvan.dnyem.hu\/index.php?rest_route=\/wp\/v2\/posts\/1731"}],"collection":[{"href":"https:\/\/szentistvan.dnyem.hu\/index.php?rest_route=\/wp\/v2\/posts"}],"about":[{"href":"https:\/\/szentistvan.dnyem.hu\/index.php?rest_route=\/wp\/v2\/types\/post"}],"author":[{"embeddable":true,"href":"https:\/\/szentistvan.dnyem.hu\/index.php?rest_route=\/wp\/v2\/users\/2"}],"replies":[{"embeddable":true,"href":"https:\/\/szentistvan.dnyem.hu\/index.php?rest_route=%2Fwp%2Fv2%2Fcomments&post=1731"}],"version-history":[{"count":4,"href":"https:\/\/szentistvan.dnyem.hu\/index.php?rest_route=\/wp\/v2\/posts\/1731\/revisions"}],"predecessor-version":[{"id":1749,"href":"https:\/\/szentistvan.dnyem.hu\/index.php?rest_route=\/wp\/v2\/posts\/1731\/revisions\/1749"}],"wp:attachment":[{"href":"https:\/\/szentistvan.dnyem.hu\/index.php?rest_route=%2Fwp%2Fv2%2Fmedia&parent=1731"}],"wp:term":[{"taxonomy":"category","embeddable":true,"href":"https:\/\/szentistvan.dnyem.hu\/index.php?rest_route=%2Fwp%2Fv2%2Fcategories&post=1731"},{"taxonomy":"post_tag","embeddable":true,"href":"https:\/\/szentistvan.dnyem.hu\/index.php?rest_route=%2Fwp%2Fv2%2Ftags&post=1731"}],"curies":[{"name":"wp","href":"https:\/\/api.w.org\/{rel}","templated":true}]}}