{"id":1718,"date":"2017-11-26T18:51:43","date_gmt":"2017-11-26T16:51:43","guid":{"rendered":"http:\/\/szentistvan.dnyem.hu\/?p=1718"},"modified":"2017-12-10T22:33:12","modified_gmt":"2017-12-10T20:33:12","slug":"karitativ-mecses-es-naptarvasar","status":"publish","type":"post","link":"https:\/\/szentistvan.dnyem.hu\/?p=1718","title":{"rendered":"Karitat\u00edv m\u00e9cses- \u00e9s napt\u00e1rv\u00e1s\u00e1r"},"content":{"rendered":"<p><strong>A mai vas\u00e1rnap (advent 2. vas\u00e1rnapj\u00e1n, 2017. december 10-\u00e9n), az Egyh\u00e1zk\u00f6zs\u00e9g Karit\u00e1sz csoportja munk\u00e1j\u00e1nak t\u00e1mogat\u00e1sak\u00e9nt lehet\u0151s\u00e9g lesz \u201eEgymilli\u00f3 csillag a szeg\u00e9nyek\u00e9rt\u201d m\u00e9cses, illetve 2018-as napt\u00e1r <\/strong>(\u00f6nk\u00e9ntes adom\u00e1ny)<strong> \u201ev\u00e1s\u00e1rl\u00e1s\u00e1ra\u201d.<\/strong><\/p>\n","protected":false},"excerpt":{"rendered":"<p>A mai vas\u00e1rnap (advent 2. vas\u00e1rnapj\u00e1n, 2017. december 10-\u00e9n), az Egyh\u00e1zk\u00f6zs\u00e9g Karit\u00e1sz csoportja munk\u00e1j\u00e1nak t\u00e1mogat\u00e1sak\u00e9nt lehet\u0151s\u00e9g lesz \u201eEgymilli\u00f3 csillag a szeg\u00e9nyek\u00e9rt\u201d m\u00e9cses, illetve 2018-as napt\u00e1r&#8230;<\/p>\n","protected":false},"author":2,"featured_media":0,"comment_status":"closed","ping_status":"open","sticky":false,"template":"","format":"standard","meta":[],"categories":[7,2],"tags":[],"_links":{"self":[{"href":"https:\/\/szentistvan.dnyem.hu\/index.php?rest_route=\/wp\/v2\/posts\/1718"}],"collection":[{"href":"https:\/\/szentistvan.dnyem.hu\/index.php?rest_route=\/wp\/v2\/posts"}],"about":[{"href":"https:\/\/szentistvan.dnyem.hu\/index.php?rest_route=\/wp\/v2\/types\/post"}],"author":[{"embeddable":true,"href":"https:\/\/szentistvan.dnyem.hu\/index.php?rest_route=\/wp\/v2\/users\/2"}],"replies":[{"embeddable":true,"href":"https:\/\/szentistvan.dnyem.hu\/index.php?rest_route=%2Fwp%2Fv2%2Fcomments&post=1718"}],"version-history":[{"count":4,"href":"https:\/\/szentistvan.dnyem.hu\/index.php?rest_route=\/wp\/v2\/posts\/1718\/revisions"}],"predecessor-version":[{"id":1746,"href":"https:\/\/szentistvan.dnyem.hu\/index.php?rest_route=\/wp\/v2\/posts\/1718\/revisions\/1746"}],"wp:attachment":[{"href":"https:\/\/szentistvan.dnyem.hu\/index.php?rest_route=%2Fwp%2Fv2%2Fmedia&parent=1718"}],"wp:term":[{"taxonomy":"category","embeddable":true,"href":"https:\/\/szentistvan.dnyem.hu\/index.php?rest_route=%2Fwp%2Fv2%2Fcategories&post=1718"},{"taxonomy":"post_tag","embeddable":true,"href":"https:\/\/szentistvan.dnyem.hu\/index.php?rest_route=%2Fwp%2Fv2%2Ftags&post=1718"}],"curies":[{"name":"wp","href":"https:\/\/api.w.org\/{rel}","templated":true}]}}