{"id":1656,"date":"2017-10-27T15:42:46","date_gmt":"2017-10-27T13:42:46","guid":{"rendered":"http:\/\/szentistvan.dnyem.hu\/?p=1656"},"modified":"2017-10-27T15:50:20","modified_gmt":"2017-10-27T13:50:20","slug":"halottak-napja","status":"publish","type":"post","link":"https:\/\/szentistvan.dnyem.hu\/?p=1656","title":{"rendered":"Halottak napja"},"content":{"rendered":"<p><strong>November 2. <\/strong><\/p>\n<p><strong>Halottak napja,<\/strong> <strong>elhunytjainkra eml\u00e9kez\u00fcnk.<\/strong><\/p>\n<p><strong>A szentmise este 18:00-t\u00f3l lesz, el\u0151tte szents\u00e9gim\u00e1d\u00e1s, majd a szentmis\u00e9t k\u00f6vet\u0151en <a href=\"http:\/\/lexikon.katolikus.hu\/L\/lucernarium.html\">Lucern\u00e1riumot<\/a> v\u00e9gz\u00fcnk.<\/strong><\/p>\n","protected":false},"excerpt":{"rendered":"<p>November 2. Halottak napja, elhunytjainkra eml\u00e9kez\u00fcnk. A szentmise este 18:00-t\u00f3l lesz, el\u0151tte szents\u00e9gim\u00e1d\u00e1s, majd a szentmis\u00e9t k\u00f6vet\u0151en Lucern\u00e1riumot v\u00e9gz\u00fcnk.<\/p>\n","protected":false},"author":2,"featured_media":0,"comment_status":"closed","ping_status":"open","sticky":false,"template":"","format":"standard","meta":[],"categories":[1,9,2],"tags":[],"_links":{"self":[{"href":"https:\/\/szentistvan.dnyem.hu\/index.php?rest_route=\/wp\/v2\/posts\/1656"}],"collection":[{"href":"https:\/\/szentistvan.dnyem.hu\/index.php?rest_route=\/wp\/v2\/posts"}],"about":[{"href":"https:\/\/szentistvan.dnyem.hu\/index.php?rest_route=\/wp\/v2\/types\/post"}],"author":[{"embeddable":true,"href":"https:\/\/szentistvan.dnyem.hu\/index.php?rest_route=\/wp\/v2\/users\/2"}],"replies":[{"embeddable":true,"href":"https:\/\/szentistvan.dnyem.hu\/index.php?rest_route=%2Fwp%2Fv2%2Fcomments&post=1656"}],"version-history":[{"count":2,"href":"https:\/\/szentistvan.dnyem.hu\/index.php?rest_route=\/wp\/v2\/posts\/1656\/revisions"}],"predecessor-version":[{"id":1661,"href":"https:\/\/szentistvan.dnyem.hu\/index.php?rest_route=\/wp\/v2\/posts\/1656\/revisions\/1661"}],"wp:attachment":[{"href":"https:\/\/szentistvan.dnyem.hu\/index.php?rest_route=%2Fwp%2Fv2%2Fmedia&parent=1656"}],"wp:term":[{"taxonomy":"category","embeddable":true,"href":"https:\/\/szentistvan.dnyem.hu\/index.php?rest_route=%2Fwp%2Fv2%2Fcategories&post=1656"},{"taxonomy":"post_tag","embeddable":true,"href":"https:\/\/szentistvan.dnyem.hu\/index.php?rest_route=%2Fwp%2Fv2%2Ftags&post=1656"}],"curies":[{"name":"wp","href":"https:\/\/api.w.org\/{rel}","templated":true}]}}