{"id":1654,"date":"2017-10-27T15:41:24","date_gmt":"2017-10-27T13:41:24","guid":{"rendered":"http:\/\/szentistvan.dnyem.hu\/?p=1654"},"modified":"2017-10-27T15:41:24","modified_gmt":"2017-10-27T13:41:24","slug":"mindenszentek-unnepe","status":"publish","type":"post","link":"https:\/\/szentistvan.dnyem.hu\/?p=1654","title":{"rendered":"Mindenszentek \u00fcnnepe"},"content":{"rendered":"<p><strong>November 1. Mindenszentek \u00fcnnepe:<\/strong><\/p>\n<p><strong>Az \u00fcnnepi szentmise: 09:30 kor kezd\u0151dik, el\u0151tte r\u00f3zsaf\u00fcz\u00e9rt im\u00e1dkozunk.<\/strong><\/p>\n<p>Szint\u00e9n <strong>november 1-\u00e9n, a k\u00f6ztemet\u0151ben du. 15:30-t\u00f3l lesz szentmise<\/strong>, h\u00edvnak \u00e9s v\u00e1rnak benn\u00fcnket!<\/p>\n","protected":false},"excerpt":{"rendered":"<p>November 1. Mindenszentek \u00fcnnepe: Az \u00fcnnepi szentmise: 09:30 kor kezd\u0151dik, el\u0151tte r\u00f3zsaf\u00fcz\u00e9rt im\u00e1dkozunk. Szint\u00e9n november 1-\u00e9n, a k\u00f6ztemet\u0151ben du. 15:30-t\u00f3l lesz szentmise, h\u00edvnak \u00e9s v\u00e1rnak&#8230;<\/p>\n","protected":false},"author":2,"featured_media":0,"comment_status":"closed","ping_status":"open","sticky":false,"template":"","format":"standard","meta":[],"categories":[1,9,2],"tags":[],"_links":{"self":[{"href":"https:\/\/szentistvan.dnyem.hu\/index.php?rest_route=\/wp\/v2\/posts\/1654"}],"collection":[{"href":"https:\/\/szentistvan.dnyem.hu\/index.php?rest_route=\/wp\/v2\/posts"}],"about":[{"href":"https:\/\/szentistvan.dnyem.hu\/index.php?rest_route=\/wp\/v2\/types\/post"}],"author":[{"embeddable":true,"href":"https:\/\/szentistvan.dnyem.hu\/index.php?rest_route=\/wp\/v2\/users\/2"}],"replies":[{"embeddable":true,"href":"https:\/\/szentistvan.dnyem.hu\/index.php?rest_route=%2Fwp%2Fv2%2Fcomments&post=1654"}],"version-history":[{"count":1,"href":"https:\/\/szentistvan.dnyem.hu\/index.php?rest_route=\/wp\/v2\/posts\/1654\/revisions"}],"predecessor-version":[{"id":1655,"href":"https:\/\/szentistvan.dnyem.hu\/index.php?rest_route=\/wp\/v2\/posts\/1654\/revisions\/1655"}],"wp:attachment":[{"href":"https:\/\/szentistvan.dnyem.hu\/index.php?rest_route=%2Fwp%2Fv2%2Fmedia&parent=1654"}],"wp:term":[{"taxonomy":"category","embeddable":true,"href":"https:\/\/szentistvan.dnyem.hu\/index.php?rest_route=%2Fwp%2Fv2%2Fcategories&post=1654"},{"taxonomy":"post_tag","embeddable":true,"href":"https:\/\/szentistvan.dnyem.hu\/index.php?rest_route=%2Fwp%2Fv2%2Ftags&post=1654"}],"curies":[{"name":"wp","href":"https:\/\/api.w.org\/{rel}","templated":true}]}}