{"id":1642,"date":"2017-10-22T15:08:15","date_gmt":"2017-10-22T13:08:15","guid":{"rendered":"http:\/\/szentistvan.dnyem.hu\/?p=1642"},"modified":"2017-10-22T15:08:15","modified_gmt":"2017-10-22T13:08:15","slug":"kepviselotestuleti-gyules-es-szentsegimadas","status":"publish","type":"post","link":"https:\/\/szentistvan.dnyem.hu\/?p=1642","title":{"rendered":"K\u00e9pvisel\u0151test\u00fcleti gy\u0171l\u00e9s \u00e9s szents\u00e9gim\u00e1d\u00e1s"},"content":{"rendered":"<p><strong>Cs\u00fct\u00f6rt\u00f6k\u00f6n (okt\u00f3ber 26-\u00e1n) az esti szentmis\u00e9t k\u00f6vet\u0151en k\u00e9pvisel\u0151test\u00fcleti gy\u0171l\u00e9s lesz<\/strong>, szeretettel h\u00edvom \u00e9s v\u00e1rom \u0150ket!<\/p>\n<p><strong>A szents\u00e9gim\u00e1d\u00e1s ez\u00e9rt a mise el\u0151tt: 17:00-t\u00f3l lesz megtartva<\/strong>, amit ebben a h\u00f3napban az Egyh\u00e1zk\u00f6zs\u00e9g R\u00f3zsaf\u00fcz\u00e9r T\u00e1rsulat tagjai\u00e9rt aj\u00e1nljuk fel.<\/p>\n<p>Szeretettel h\u00edvom \u00e9s v\u00e1rom a Kedves Testv\u00e9reket, hogy k\u00f6z\u00f6sen im\u00e1dkozzunk a szents\u00e9gi J\u00e9zus el\u0151tt.<\/p>\n","protected":false},"excerpt":{"rendered":"<p>Cs\u00fct\u00f6rt\u00f6k\u00f6n (okt\u00f3ber 26-\u00e1n) az esti szentmis\u00e9t k\u00f6vet\u0151en k\u00e9pvisel\u0151test\u00fcleti gy\u0171l\u00e9s lesz, szeretettel h\u00edvom \u00e9s v\u00e1rom \u0150ket! A szents\u00e9gim\u00e1d\u00e1s ez\u00e9rt a mise el\u0151tt: 17:00-t\u00f3l lesz megtartva, amit&#8230;<\/p>\n","protected":false},"author":2,"featured_media":0,"comment_status":"closed","ping_status":"open","sticky":false,"template":"","format":"standard","meta":[],"categories":[9,2],"tags":[],"_links":{"self":[{"href":"https:\/\/szentistvan.dnyem.hu\/index.php?rest_route=\/wp\/v2\/posts\/1642"}],"collection":[{"href":"https:\/\/szentistvan.dnyem.hu\/index.php?rest_route=\/wp\/v2\/posts"}],"about":[{"href":"https:\/\/szentistvan.dnyem.hu\/index.php?rest_route=\/wp\/v2\/types\/post"}],"author":[{"embeddable":true,"href":"https:\/\/szentistvan.dnyem.hu\/index.php?rest_route=\/wp\/v2\/users\/2"}],"replies":[{"embeddable":true,"href":"https:\/\/szentistvan.dnyem.hu\/index.php?rest_route=%2Fwp%2Fv2%2Fcomments&post=1642"}],"version-history":[{"count":1,"href":"https:\/\/szentistvan.dnyem.hu\/index.php?rest_route=\/wp\/v2\/posts\/1642\/revisions"}],"predecessor-version":[{"id":1643,"href":"https:\/\/szentistvan.dnyem.hu\/index.php?rest_route=\/wp\/v2\/posts\/1642\/revisions\/1643"}],"wp:attachment":[{"href":"https:\/\/szentistvan.dnyem.hu\/index.php?rest_route=%2Fwp%2Fv2%2Fmedia&parent=1642"}],"wp:term":[{"taxonomy":"category","embeddable":true,"href":"https:\/\/szentistvan.dnyem.hu\/index.php?rest_route=%2Fwp%2Fv2%2Fcategories&post=1642"},{"taxonomy":"post_tag","embeddable":true,"href":"https:\/\/szentistvan.dnyem.hu\/index.php?rest_route=%2Fwp%2Fv2%2Ftags&post=1642"}],"curies":[{"name":"wp","href":"https:\/\/api.w.org\/{rel}","templated":true}]}}