{"id":1588,"date":"2017-10-15T19:27:20","date_gmt":"2017-10-15T17:27:20","guid":{"rendered":"http:\/\/szentistvan.dnyem.hu\/?p=1588"},"modified":"2017-10-15T19:27:20","modified_gmt":"2017-10-15T17:27:20","slug":"katolikus-kalendarium-falinaptar-es-egy-lapos-naptar","status":"publish","type":"post","link":"https:\/\/szentistvan.dnyem.hu\/?p=1588","title":{"rendered":"Katolikus Kalend\u00e1rium, Falinapt\u00e1r \u00e9s egy lapos napt\u00e1r"},"content":{"rendered":"<p>Katolikus Kalend\u00e1rium, Falinapt\u00e1r \u00e9s egy lapos napt\u00e1r <strong>rendelhet\u0151 \u00e9s kaphat\u00f3.<\/strong><\/p>\n","protected":false},"excerpt":{"rendered":"<p>Katolikus Kalend\u00e1rium, Falinapt\u00e1r \u00e9s egy lapos napt\u00e1r rendelhet\u0151 \u00e9s kaphat\u00f3.<\/p>\n","protected":false},"author":2,"featured_media":0,"comment_status":"closed","ping_status":"open","sticky":false,"template":"","format":"standard","meta":[],"categories":[1],"tags":[],"_links":{"self":[{"href":"https:\/\/szentistvan.dnyem.hu\/index.php?rest_route=\/wp\/v2\/posts\/1588"}],"collection":[{"href":"https:\/\/szentistvan.dnyem.hu\/index.php?rest_route=\/wp\/v2\/posts"}],"about":[{"href":"https:\/\/szentistvan.dnyem.hu\/index.php?rest_route=\/wp\/v2\/types\/post"}],"author":[{"embeddable":true,"href":"https:\/\/szentistvan.dnyem.hu\/index.php?rest_route=\/wp\/v2\/users\/2"}],"replies":[{"embeddable":true,"href":"https:\/\/szentistvan.dnyem.hu\/index.php?rest_route=%2Fwp%2Fv2%2Fcomments&post=1588"}],"version-history":[{"count":1,"href":"https:\/\/szentistvan.dnyem.hu\/index.php?rest_route=\/wp\/v2\/posts\/1588\/revisions"}],"predecessor-version":[{"id":1589,"href":"https:\/\/szentistvan.dnyem.hu\/index.php?rest_route=\/wp\/v2\/posts\/1588\/revisions\/1589"}],"wp:attachment":[{"href":"https:\/\/szentistvan.dnyem.hu\/index.php?rest_route=%2Fwp%2Fv2%2Fmedia&parent=1588"}],"wp:term":[{"taxonomy":"category","embeddable":true,"href":"https:\/\/szentistvan.dnyem.hu\/index.php?rest_route=%2Fwp%2Fv2%2Fcategories&post=1588"},{"taxonomy":"post_tag","embeddable":true,"href":"https:\/\/szentistvan.dnyem.hu\/index.php?rest_route=%2Fwp%2Fv2%2Ftags&post=1588"}],"curies":[{"name":"wp","href":"https:\/\/api.w.org\/{rel}","templated":true}]}}