{"id":1576,"date":"2017-09-30T20:58:26","date_gmt":"2017-09-30T18:58:26","guid":{"rendered":"http:\/\/szentistvan.dnyem.hu\/?p=1576"},"modified":"2017-09-30T20:58:26","modified_gmt":"2017-09-30T18:58:26","slug":"jotekonysagi-koncert","status":"publish","type":"post","link":"https:\/\/szentistvan.dnyem.hu\/?p=1576","title":{"rendered":"J\u00f3t\u00e9konys\u00e1gi koncert"},"content":{"rendered":"<p><strong>2017. okt\u00f3ber 8-\u00e1n, a Szent Csal\u00e1d Pl\u00e9b\u00e1niatemplomban este 18:00-t\u00f3l \u00e9nek-orgona koncertet tartanak,<\/strong> melyre szeretettel h\u00edvnak \u00e9s v\u00e1rnak benn\u00fcnket.<\/p>\n<p><strong>A bel\u00e9p\u00e9s d\u00edjtalan, adom\u00e1nyokkal a Szent Damj\u00e1n T\u00e1bort t\u00e1mogatjuk.<\/strong><\/p>\n","protected":false},"excerpt":{"rendered":"<p>2017. okt\u00f3ber 8-\u00e1n, a Szent Csal\u00e1d Pl\u00e9b\u00e1niatemplomban este 18:00-t\u00f3l \u00e9nek-orgona koncertet tartanak, melyre szeretettel h\u00edvnak \u00e9s v\u00e1rnak benn\u00fcnket. A bel\u00e9p\u00e9s d\u00edjtalan, adom\u00e1nyokkal a Szent Damj\u00e1n&#8230;<\/p>\n","protected":false},"author":2,"featured_media":0,"comment_status":"closed","ping_status":"open","sticky":false,"template":"","format":"standard","meta":[],"categories":[2],"tags":[],"_links":{"self":[{"href":"https:\/\/szentistvan.dnyem.hu\/index.php?rest_route=\/wp\/v2\/posts\/1576"}],"collection":[{"href":"https:\/\/szentistvan.dnyem.hu\/index.php?rest_route=\/wp\/v2\/posts"}],"about":[{"href":"https:\/\/szentistvan.dnyem.hu\/index.php?rest_route=\/wp\/v2\/types\/post"}],"author":[{"embeddable":true,"href":"https:\/\/szentistvan.dnyem.hu\/index.php?rest_route=\/wp\/v2\/users\/2"}],"replies":[{"embeddable":true,"href":"https:\/\/szentistvan.dnyem.hu\/index.php?rest_route=%2Fwp%2Fv2%2Fcomments&post=1576"}],"version-history":[{"count":1,"href":"https:\/\/szentistvan.dnyem.hu\/index.php?rest_route=\/wp\/v2\/posts\/1576\/revisions"}],"predecessor-version":[{"id":1577,"href":"https:\/\/szentistvan.dnyem.hu\/index.php?rest_route=\/wp\/v2\/posts\/1576\/revisions\/1577"}],"wp:attachment":[{"href":"https:\/\/szentistvan.dnyem.hu\/index.php?rest_route=%2Fwp%2Fv2%2Fmedia&parent=1576"}],"wp:term":[{"taxonomy":"category","embeddable":true,"href":"https:\/\/szentistvan.dnyem.hu\/index.php?rest_route=%2Fwp%2Fv2%2Fcategories&post=1576"},{"taxonomy":"post_tag","embeddable":true,"href":"https:\/\/szentistvan.dnyem.hu\/index.php?rest_route=%2Fwp%2Fv2%2Ftags&post=1576"}],"curies":[{"name":"wp","href":"https:\/\/api.w.org\/{rel}","templated":true}]}}