{"id":1574,"date":"2017-09-30T20:57:15","date_gmt":"2017-09-30T18:57:15","guid":{"rendered":"http:\/\/szentistvan.dnyem.hu\/?p=1574"},"modified":"2017-10-08T15:51:40","modified_gmt":"2017-10-08T13:51:40","slug":"konyvbemutato","status":"publish","type":"post","link":"https:\/\/szentistvan.dnyem.hu\/?p=1574","title":{"rendered":"K\u00f6nyvbemutat\u00f3"},"content":{"rendered":"<p><strong>Jost Ferenc, a templom\u00e9p\u00edt\u0151<\/strong><\/p>\n<p><strong>K\u00f6nyvbemutat\u00f3 \u00e9s ki\u00e1ll\u00edt\u00e1s-megnyit\u00f3 lesz a M\u00e9liusz K\u00f6zponti K\u00f6nyvt\u00e1rban, 2017. okt\u00f3ber 11-\u00e9n, du. 16:30-t\u00f3l.<\/strong><\/p>\n<p>Nyul Imre k\u00f6nyv\u00e9t bemutatja, \u00e9s a szerz\u0151vel besz\u00e9lget: Tak\u00e1cs J\u00f3zsef, a Debrecen- Ny\u00edregyh\u00e1zi Egyh\u00e1zmegyei K\u00f6nyv \u00e9s Lev\u00e9lt\u00e1r igazgat\u00f3ja.<\/p>\n","protected":false},"excerpt":{"rendered":"<p>Jost Ferenc, a templom\u00e9p\u00edt\u0151 K\u00f6nyvbemutat\u00f3 \u00e9s ki\u00e1ll\u00edt\u00e1s-megnyit\u00f3 lesz a M\u00e9liusz K\u00f6zponti K\u00f6nyvt\u00e1rban, 2017. okt\u00f3ber 11-\u00e9n, du. 16:30-t\u00f3l. Nyul Imre k\u00f6nyv\u00e9t bemutatja, \u00e9s a szerz\u0151vel besz\u00e9lget:&#8230;<\/p>\n","protected":false},"author":2,"featured_media":0,"comment_status":"closed","ping_status":"open","sticky":false,"template":"","format":"standard","meta":[],"categories":[2],"tags":[],"_links":{"self":[{"href":"https:\/\/szentistvan.dnyem.hu\/index.php?rest_route=\/wp\/v2\/posts\/1574"}],"collection":[{"href":"https:\/\/szentistvan.dnyem.hu\/index.php?rest_route=\/wp\/v2\/posts"}],"about":[{"href":"https:\/\/szentistvan.dnyem.hu\/index.php?rest_route=\/wp\/v2\/types\/post"}],"author":[{"embeddable":true,"href":"https:\/\/szentistvan.dnyem.hu\/index.php?rest_route=\/wp\/v2\/users\/2"}],"replies":[{"embeddable":true,"href":"https:\/\/szentistvan.dnyem.hu\/index.php?rest_route=%2Fwp%2Fv2%2Fcomments&post=1574"}],"version-history":[{"count":2,"href":"https:\/\/szentistvan.dnyem.hu\/index.php?rest_route=\/wp\/v2\/posts\/1574\/revisions"}],"predecessor-version":[{"id":1581,"href":"https:\/\/szentistvan.dnyem.hu\/index.php?rest_route=\/wp\/v2\/posts\/1574\/revisions\/1581"}],"wp:attachment":[{"href":"https:\/\/szentistvan.dnyem.hu\/index.php?rest_route=%2Fwp%2Fv2%2Fmedia&parent=1574"}],"wp:term":[{"taxonomy":"category","embeddable":true,"href":"https:\/\/szentistvan.dnyem.hu\/index.php?rest_route=%2Fwp%2Fv2%2Fcategories&post=1574"},{"taxonomy":"post_tag","embeddable":true,"href":"https:\/\/szentistvan.dnyem.hu\/index.php?rest_route=%2Fwp%2Fv2%2Ftags&post=1574"}],"curies":[{"name":"wp","href":"https:\/\/api.w.org\/{rel}","templated":true}]}}