{"id":1572,"date":"2017-09-30T20:55:30","date_gmt":"2017-09-30T18:55:30","guid":{"rendered":"http:\/\/szentistvan.dnyem.hu\/?p=1572"},"modified":"2017-09-30T20:55:44","modified_gmt":"2017-09-30T18:55:44","slug":"szentsegimadas-a-rozsafuzer-tarsulat-tagjaiert","status":"publish","type":"post","link":"https:\/\/szentistvan.dnyem.hu\/?p=1572","title":{"rendered":"Szents\u00e9gim\u00e1d\u00e1s a R\u00f3zsaf\u00fcz\u00e9r T\u00e1rsulat tagjai\u00e9rt"},"content":{"rendered":"<p><strong>Cs\u00fct\u00f6rt\u00f6k\u00f6n az esti szentmis\u00e9t k\u00f6vet\u0151en szents\u00e9gim\u00e1d\u00e1s lesz<\/strong>, amit ebben a h\u00f3napban az egyh\u00e1zk\u00f6zs\u00e9gi R\u00f3zsaf\u00fcz\u00e9r T\u00e1rsulat tagjai\u00e9rt aj\u00e1nljuk fel.<\/p>\n<p>Szeretettel h\u00edvom \u00e9s v\u00e1rom a Kedves Testv\u00e9reket, hogy k\u00f6z\u00f6sen im\u00e1dkozzunk a szents\u00e9gi J\u00e9zus el\u0151tt.<\/p>\n","protected":false},"excerpt":{"rendered":"<p>Cs\u00fct\u00f6rt\u00f6k\u00f6n az esti szentmis\u00e9t k\u00f6vet\u0151en szents\u00e9gim\u00e1d\u00e1s lesz, amit ebben a h\u00f3napban az egyh\u00e1zk\u00f6zs\u00e9gi R\u00f3zsaf\u00fcz\u00e9r T\u00e1rsulat tagjai\u00e9rt aj\u00e1nljuk fel. Szeretettel h\u00edvom \u00e9s v\u00e1rom a Kedves Testv\u00e9reket,&#8230;<\/p>\n","protected":false},"author":2,"featured_media":0,"comment_status":"closed","ping_status":"open","sticky":false,"template":"","format":"standard","meta":[],"categories":[9,2],"tags":[],"_links":{"self":[{"href":"https:\/\/szentistvan.dnyem.hu\/index.php?rest_route=\/wp\/v2\/posts\/1572"}],"collection":[{"href":"https:\/\/szentistvan.dnyem.hu\/index.php?rest_route=\/wp\/v2\/posts"}],"about":[{"href":"https:\/\/szentistvan.dnyem.hu\/index.php?rest_route=\/wp\/v2\/types\/post"}],"author":[{"embeddable":true,"href":"https:\/\/szentistvan.dnyem.hu\/index.php?rest_route=\/wp\/v2\/users\/2"}],"replies":[{"embeddable":true,"href":"https:\/\/szentistvan.dnyem.hu\/index.php?rest_route=%2Fwp%2Fv2%2Fcomments&post=1572"}],"version-history":[{"count":1,"href":"https:\/\/szentistvan.dnyem.hu\/index.php?rest_route=\/wp\/v2\/posts\/1572\/revisions"}],"predecessor-version":[{"id":1573,"href":"https:\/\/szentistvan.dnyem.hu\/index.php?rest_route=\/wp\/v2\/posts\/1572\/revisions\/1573"}],"wp:attachment":[{"href":"https:\/\/szentistvan.dnyem.hu\/index.php?rest_route=%2Fwp%2Fv2%2Fmedia&parent=1572"}],"wp:term":[{"taxonomy":"category","embeddable":true,"href":"https:\/\/szentistvan.dnyem.hu\/index.php?rest_route=%2Fwp%2Fv2%2Fcategories&post=1572"},{"taxonomy":"post_tag","embeddable":true,"href":"https:\/\/szentistvan.dnyem.hu\/index.php?rest_route=%2Fwp%2Fv2%2Ftags&post=1572"}],"curies":[{"name":"wp","href":"https:\/\/api.w.org\/{rel}","templated":true}]}}