{"id":1559,"date":"2017-09-24T19:32:04","date_gmt":"2017-09-24T17:32:04","guid":{"rendered":"http:\/\/szentistvan.dnyem.hu\/?p=1559"},"modified":"2017-10-08T15:54:08","modified_gmt":"2017-10-08T13:54:08","slug":"idosek-napja","status":"publish","type":"post","link":"https:\/\/szentistvan.dnyem.hu\/?p=1559","title":{"rendered":"Id\u0151sek napja"},"content":{"rendered":"<p><strong>Okt\u00f3ber 14-\u00e9n (szombaton)<\/strong>, az Id\u0151sek Vil\u00e1gnapj\u00e1hoz kapcsol\u00f3d\u00f3an a Pl\u00e9b\u00e1nia, illetve az Egyh\u00e1zk\u00f6zs\u00e9g Karit\u00e1sz csoportj\u00e1nak k\u00f6z\u00f6s szervez\u00e9s\u00e9ben <strong>Id\u0151sek napj\u00e1t tartunk. A helysz\u00edn: a templom, illetve a pl\u00e9b\u00e1nia<\/strong>.<\/p>\n<p><strong>A r\u00e9szv\u00e9tel ingyenes, de el\u0151zetes jelentkez\u00e9s sz\u00fcks\u00e9ges.<\/strong><\/p>\n<p>Jelentkezni, illetve feliratkozni a bej\u00e1ratn\u00e1l kihelyezett lapon lehet. R\u00e9szletes program a hirdet\u0151t\u00e1bl\u00e1n olvashat\u00f3.<\/p>\n<p>H\u00edvjuk \u00e9s v\u00e1rjuk \u0150ket, hogy k\u00f6z\u00f6sen h\u00e1l\u00e1t adjunk Istennek az \u00e9let aj\u00e1nd\u00e9kai\u00e9rt.<\/p>\n","protected":false},"excerpt":{"rendered":"<p>Okt\u00f3ber 14-\u00e9n (szombaton), az Id\u0151sek Vil\u00e1gnapj\u00e1hoz kapcsol\u00f3d\u00f3an a Pl\u00e9b\u00e1nia, illetve az Egyh\u00e1zk\u00f6zs\u00e9g Karit\u00e1sz csoportj\u00e1nak k\u00f6z\u00f6s szervez\u00e9s\u00e9ben Id\u0151sek napj\u00e1t tartunk. A helysz\u00edn: a templom, illetve a&#8230;<\/p>\n","protected":false},"author":2,"featured_media":0,"comment_status":"closed","ping_status":"open","sticky":false,"template":"","format":"standard","meta":[],"categories":[7,2],"tags":[],"_links":{"self":[{"href":"https:\/\/szentistvan.dnyem.hu\/index.php?rest_route=\/wp\/v2\/posts\/1559"}],"collection":[{"href":"https:\/\/szentistvan.dnyem.hu\/index.php?rest_route=\/wp\/v2\/posts"}],"about":[{"href":"https:\/\/szentistvan.dnyem.hu\/index.php?rest_route=\/wp\/v2\/types\/post"}],"author":[{"embeddable":true,"href":"https:\/\/szentistvan.dnyem.hu\/index.php?rest_route=\/wp\/v2\/users\/2"}],"replies":[{"embeddable":true,"href":"https:\/\/szentistvan.dnyem.hu\/index.php?rest_route=%2Fwp%2Fv2%2Fcomments&post=1559"}],"version-history":[{"count":1,"href":"https:\/\/szentistvan.dnyem.hu\/index.php?rest_route=\/wp\/v2\/posts\/1559\/revisions"}],"predecessor-version":[{"id":1560,"href":"https:\/\/szentistvan.dnyem.hu\/index.php?rest_route=\/wp\/v2\/posts\/1559\/revisions\/1560"}],"wp:attachment":[{"href":"https:\/\/szentistvan.dnyem.hu\/index.php?rest_route=%2Fwp%2Fv2%2Fmedia&parent=1559"}],"wp:term":[{"taxonomy":"category","embeddable":true,"href":"https:\/\/szentistvan.dnyem.hu\/index.php?rest_route=%2Fwp%2Fv2%2Fcategories&post=1559"},{"taxonomy":"post_tag","embeddable":true,"href":"https:\/\/szentistvan.dnyem.hu\/index.php?rest_route=%2Fwp%2Fv2%2Ftags&post=1559"}],"curies":[{"name":"wp","href":"https:\/\/api.w.org\/{rel}","templated":true}]}}