{"id":1557,"date":"2017-09-24T19:30:11","date_gmt":"2017-09-24T17:30:11","guid":{"rendered":"http:\/\/szentistvan.dnyem.hu\/?p=1557"},"modified":"2017-09-24T19:30:11","modified_gmt":"2017-09-24T17:30:11","slug":"kepviselotestuleti-ules-2","status":"publish","type":"post","link":"https:\/\/szentistvan.dnyem.hu\/?p=1557","title":{"rendered":"K\u00e9pvisel\u0151test\u00fcleti \u00fcl\u00e9s"},"content":{"rendered":"<p><strong>Cs\u00fct\u00f6rt\u00f6k\u00f6n (szeptember 28-\u00e1n) az esti szentmis\u00e9t k\u00f6vet\u0151en k\u00e9pvisel\u0151test\u00fcleti \u00fcl\u00e9s lesz<\/strong>, szeretettel h\u00edvom \u00e9s v\u00e1rom \u0150ket a pl\u00e9b\u00e1ni\u00e1ra, ez\u00e9rt <strong>a szents\u00e9gim\u00e1d\u00e1s a szentmise el\u0151tt, 17:00-t\u00f3l lesz, melyet ebben a h\u00f3napban a sz\u00fcl\u0151k\u00e9rt aj\u00e1nlunk fel<\/strong>.<\/p>\n<p>H\u00edvom \u00e9s v\u00e1rom a kedves testv\u00e9reket, hogy egy\u00fctt im\u00e1dkozzunk a szents\u00e9gi J\u00e9zus el\u0151tt.<\/p>\n","protected":false},"excerpt":{"rendered":"<p>Cs\u00fct\u00f6rt\u00f6k\u00f6n (szeptember 28-\u00e1n) az esti szentmis\u00e9t k\u00f6vet\u0151en k\u00e9pvisel\u0151test\u00fcleti \u00fcl\u00e9s lesz, szeretettel h\u00edvom \u00e9s v\u00e1rom \u0150ket a pl\u00e9b\u00e1ni\u00e1ra, ez\u00e9rt a szents\u00e9gim\u00e1d\u00e1s a szentmise el\u0151tt, 17:00-t\u00f3l lesz,&#8230;<\/p>\n","protected":false},"author":2,"featured_media":0,"comment_status":"closed","ping_status":"open","sticky":false,"template":"","format":"standard","meta":[],"categories":[2],"tags":[],"_links":{"self":[{"href":"https:\/\/szentistvan.dnyem.hu\/index.php?rest_route=\/wp\/v2\/posts\/1557"}],"collection":[{"href":"https:\/\/szentistvan.dnyem.hu\/index.php?rest_route=\/wp\/v2\/posts"}],"about":[{"href":"https:\/\/szentistvan.dnyem.hu\/index.php?rest_route=\/wp\/v2\/types\/post"}],"author":[{"embeddable":true,"href":"https:\/\/szentistvan.dnyem.hu\/index.php?rest_route=\/wp\/v2\/users\/2"}],"replies":[{"embeddable":true,"href":"https:\/\/szentistvan.dnyem.hu\/index.php?rest_route=%2Fwp%2Fv2%2Fcomments&post=1557"}],"version-history":[{"count":1,"href":"https:\/\/szentistvan.dnyem.hu\/index.php?rest_route=\/wp\/v2\/posts\/1557\/revisions"}],"predecessor-version":[{"id":1558,"href":"https:\/\/szentistvan.dnyem.hu\/index.php?rest_route=\/wp\/v2\/posts\/1557\/revisions\/1558"}],"wp:attachment":[{"href":"https:\/\/szentistvan.dnyem.hu\/index.php?rest_route=%2Fwp%2Fv2%2Fmedia&parent=1557"}],"wp:term":[{"taxonomy":"category","embeddable":true,"href":"https:\/\/szentistvan.dnyem.hu\/index.php?rest_route=%2Fwp%2Fv2%2Fcategories&post=1557"},{"taxonomy":"post_tag","embeddable":true,"href":"https:\/\/szentistvan.dnyem.hu\/index.php?rest_route=%2Fwp%2Fv2%2Ftags&post=1557"}],"curies":[{"name":"wp","href":"https:\/\/api.w.org\/{rel}","templated":true}]}}