{"id":1528,"date":"2017-09-10T12:10:43","date_gmt":"2017-09-10T10:10:43","guid":{"rendered":"http:\/\/szentistvan.dnyem.hu\/?p=1528"},"modified":"2017-09-10T12:10:43","modified_gmt":"2017-09-10T10:10:43","slug":"karitasz-csoport-gyulese","status":"publish","type":"post","link":"https:\/\/szentistvan.dnyem.hu\/?p=1528","title":{"rendered":"Karit\u00e1sz csoport gy\u0171l\u00e9se"},"content":{"rendered":"<p><strong>Cs\u00fct\u00f6rt\u00f6k\u00f6n (szeptember 14-\u00e9n) az esti szentmis\u00e9t k\u00f6vet\u0151en<\/strong> az egyh\u00e1zk\u00f6zs\u00e9g karit\u00e1sz csoportj\u00e1nak lesz gy\u0171l\u00e9se, szeretettel h\u00edvom \u00e9s v\u00e1rom \u0150ket a <strong>pl\u00e9b\u00e1ni\u00e1ra.<\/strong><\/p>\n","protected":false},"excerpt":{"rendered":"<p>Cs\u00fct\u00f6rt\u00f6k\u00f6n (szeptember 14-\u00e9n) az esti szentmis\u00e9t k\u00f6vet\u0151en az egyh\u00e1zk\u00f6zs\u00e9g karit\u00e1sz csoportj\u00e1nak lesz gy\u0171l\u00e9se, szeretettel h\u00edvom \u00e9s v\u00e1rom \u0150ket a pl\u00e9b\u00e1ni\u00e1ra.<\/p>\n","protected":false},"author":2,"featured_media":0,"comment_status":"closed","ping_status":"open","sticky":false,"template":"","format":"standard","meta":[],"categories":[7,2],"tags":[],"_links":{"self":[{"href":"https:\/\/szentistvan.dnyem.hu\/index.php?rest_route=\/wp\/v2\/posts\/1528"}],"collection":[{"href":"https:\/\/szentistvan.dnyem.hu\/index.php?rest_route=\/wp\/v2\/posts"}],"about":[{"href":"https:\/\/szentistvan.dnyem.hu\/index.php?rest_route=\/wp\/v2\/types\/post"}],"author":[{"embeddable":true,"href":"https:\/\/szentistvan.dnyem.hu\/index.php?rest_route=\/wp\/v2\/users\/2"}],"replies":[{"embeddable":true,"href":"https:\/\/szentistvan.dnyem.hu\/index.php?rest_route=%2Fwp%2Fv2%2Fcomments&post=1528"}],"version-history":[{"count":1,"href":"https:\/\/szentistvan.dnyem.hu\/index.php?rest_route=\/wp\/v2\/posts\/1528\/revisions"}],"predecessor-version":[{"id":1529,"href":"https:\/\/szentistvan.dnyem.hu\/index.php?rest_route=\/wp\/v2\/posts\/1528\/revisions\/1529"}],"wp:attachment":[{"href":"https:\/\/szentistvan.dnyem.hu\/index.php?rest_route=%2Fwp%2Fv2%2Fmedia&parent=1528"}],"wp:term":[{"taxonomy":"category","embeddable":true,"href":"https:\/\/szentistvan.dnyem.hu\/index.php?rest_route=%2Fwp%2Fv2%2Fcategories&post=1528"},{"taxonomy":"post_tag","embeddable":true,"href":"https:\/\/szentistvan.dnyem.hu\/index.php?rest_route=%2Fwp%2Fv2%2Ftags&post=1528"}],"curies":[{"name":"wp","href":"https:\/\/api.w.org\/{rel}","templated":true}]}}