{"id":1522,"date":"2017-09-02T21:14:20","date_gmt":"2017-09-02T19:14:20","guid":{"rendered":"http:\/\/szentistvan.dnyem.hu\/?p=1522"},"modified":"2017-09-18T14:56:16","modified_gmt":"2017-09-18T12:56:16","slug":"katolikus-kalendarium-katolikus-falinaptar-uj-misszio-falinaptar","status":"publish","type":"post","link":"https:\/\/szentistvan.dnyem.hu\/?p=1522","title":{"rendered":"Katolikus Kalend\u00e1rium, Katolikus Falinapt\u00e1r, \u00daj misszi\u00f3 Falinapt\u00e1r"},"content":{"rendered":"<p><strong>A 2018-as Katolikus Kalend\u00e1rium rendelhet\u0151. \u00e1ra: 370 Ft<\/strong><\/p>\n<p><strong>Katolikus Falinapt\u00e1r (hajtogat\u00f3s) \u00e1ra: 300 Ft<\/strong><\/p>\n<p><strong>\u00daj Misszi\u00f3 Falinapt\u00e1r (egy lapos) \u00e1ra: 30 Ft<\/strong><\/p>\n<p>A kiadv\u00e1nyok megrendelhet\u0151ek a szentmis\u00e9ket k\u00f6vet\u0151en a sekresty\u00e9ben.<\/p>\n","protected":false},"excerpt":{"rendered":"<p>A 2018-as Katolikus Kalend\u00e1rium rendelhet\u0151. \u00e1ra: 370 Ft Katolikus Falinapt\u00e1r (hajtogat\u00f3s) \u00e1ra: 300 Ft \u00daj Misszi\u00f3 Falinapt\u00e1r (egy lapos) \u00e1ra: 30 Ft A kiadv\u00e1nyok megrendelhet\u0151ek&#8230;<\/p>\n","protected":false},"author":2,"featured_media":0,"comment_status":"closed","ping_status":"open","sticky":false,"template":"","format":"standard","meta":[],"categories":[1],"tags":[],"_links":{"self":[{"href":"https:\/\/szentistvan.dnyem.hu\/index.php?rest_route=\/wp\/v2\/posts\/1522"}],"collection":[{"href":"https:\/\/szentistvan.dnyem.hu\/index.php?rest_route=\/wp\/v2\/posts"}],"about":[{"href":"https:\/\/szentistvan.dnyem.hu\/index.php?rest_route=\/wp\/v2\/types\/post"}],"author":[{"embeddable":true,"href":"https:\/\/szentistvan.dnyem.hu\/index.php?rest_route=\/wp\/v2\/users\/2"}],"replies":[{"embeddable":true,"href":"https:\/\/szentistvan.dnyem.hu\/index.php?rest_route=%2Fwp%2Fv2%2Fcomments&post=1522"}],"version-history":[{"count":2,"href":"https:\/\/szentistvan.dnyem.hu\/index.php?rest_route=\/wp\/v2\/posts\/1522\/revisions"}],"predecessor-version":[{"id":1537,"href":"https:\/\/szentistvan.dnyem.hu\/index.php?rest_route=\/wp\/v2\/posts\/1522\/revisions\/1537"}],"wp:attachment":[{"href":"https:\/\/szentistvan.dnyem.hu\/index.php?rest_route=%2Fwp%2Fv2%2Fmedia&parent=1522"}],"wp:term":[{"taxonomy":"category","embeddable":true,"href":"https:\/\/szentistvan.dnyem.hu\/index.php?rest_route=%2Fwp%2Fv2%2Fcategories&post=1522"},{"taxonomy":"post_tag","embeddable":true,"href":"https:\/\/szentistvan.dnyem.hu\/index.php?rest_route=%2Fwp%2Fv2%2Ftags&post=1522"}],"curies":[{"name":"wp","href":"https:\/\/api.w.org\/{rel}","templated":true}]}}