{"id":1513,"date":"2017-08-26T22:07:11","date_gmt":"2017-08-26T20:07:11","guid":{"rendered":"http:\/\/szentistvan.dnyem.hu\/?p=1513"},"modified":"2017-08-26T22:07:11","modified_gmt":"2017-08-26T20:07:11","slug":"adomanykeres","status":"publish","type":"post","link":"https:\/\/szentistvan.dnyem.hu\/?p=1513","title":{"rendered":"Adom\u00e1nyk\u00e9r\u00e9s"},"content":{"rendered":"<p>Szeretettel hirdetem a kedves testv\u00e9reknek, hogy <strong>az \u00faj szobortalapzatok elk\u00e9sz\u00edt\u00e9s\u00e9hez adom\u00e1nyokat sz\u00edvesen fogadunk.<\/strong><\/p>\n","protected":false},"excerpt":{"rendered":"<p>Szeretettel hirdetem a kedves testv\u00e9reknek, hogy az \u00faj szobortalapzatok elk\u00e9sz\u00edt\u00e9s\u00e9hez adom\u00e1nyokat sz\u00edvesen fogadunk.<\/p>\n","protected":false},"author":2,"featured_media":0,"comment_status":"closed","ping_status":"open","sticky":false,"template":"","format":"standard","meta":[],"categories":[1],"tags":[],"_links":{"self":[{"href":"https:\/\/szentistvan.dnyem.hu\/index.php?rest_route=\/wp\/v2\/posts\/1513"}],"collection":[{"href":"https:\/\/szentistvan.dnyem.hu\/index.php?rest_route=\/wp\/v2\/posts"}],"about":[{"href":"https:\/\/szentistvan.dnyem.hu\/index.php?rest_route=\/wp\/v2\/types\/post"}],"author":[{"embeddable":true,"href":"https:\/\/szentistvan.dnyem.hu\/index.php?rest_route=\/wp\/v2\/users\/2"}],"replies":[{"embeddable":true,"href":"https:\/\/szentistvan.dnyem.hu\/index.php?rest_route=%2Fwp%2Fv2%2Fcomments&post=1513"}],"version-history":[{"count":1,"href":"https:\/\/szentistvan.dnyem.hu\/index.php?rest_route=\/wp\/v2\/posts\/1513\/revisions"}],"predecessor-version":[{"id":1514,"href":"https:\/\/szentistvan.dnyem.hu\/index.php?rest_route=\/wp\/v2\/posts\/1513\/revisions\/1514"}],"wp:attachment":[{"href":"https:\/\/szentistvan.dnyem.hu\/index.php?rest_route=%2Fwp%2Fv2%2Fmedia&parent=1513"}],"wp:term":[{"taxonomy":"category","embeddable":true,"href":"https:\/\/szentistvan.dnyem.hu\/index.php?rest_route=%2Fwp%2Fv2%2Fcategories&post=1513"},{"taxonomy":"post_tag","embeddable":true,"href":"https:\/\/szentistvan.dnyem.hu\/index.php?rest_route=%2Fwp%2Fv2%2Ftags&post=1513"}],"curies":[{"name":"wp","href":"https:\/\/api.w.org\/{rel}","templated":true}]}}