{"id":1511,"date":"2017-08-26T22:06:13","date_gmt":"2017-08-26T20:06:13","guid":{"rendered":"http:\/\/szentistvan.dnyem.hu\/?p=1511"},"modified":"2017-09-10T12:12:27","modified_gmt":"2017-09-10T10:12:27","slug":"szentsegimadas-csaladjainkert-2","status":"publish","type":"post","link":"https:\/\/szentistvan.dnyem.hu\/?p=1511","title":{"rendered":"Szents\u00e9gim\u00e1d\u00e1s a sz\u00fcl\u0151k\u00e9rt"},"content":{"rendered":"<p><strong>Cs\u00fct\u00f6rt\u00f6k\u00f6n (szeptember 14-\u00e9n) az esti szentmis\u00e9t k\u00f6vet\u0151en szents\u00e9gim\u00e1d\u00e1st tartunk, melyet ebben a h\u00f3napban a sz\u00fcl\u0151k\u00e9rt aj\u00e1nlunk fel.<\/strong><\/p>\n<p>H\u00edvom \u00e9s v\u00e1rom a kedves testv\u00e9reket, hogy egy\u00fctt im\u00e1dkozzunk a szents\u00e9gi J\u00e9zus el\u0151tt.<\/p>\n","protected":false},"excerpt":{"rendered":"<p>Cs\u00fct\u00f6rt\u00f6k\u00f6n (szeptember 14-\u00e9n) az esti szentmis\u00e9t k\u00f6vet\u0151en szents\u00e9gim\u00e1d\u00e1st tartunk, melyet ebben a h\u00f3napban a sz\u00fcl\u0151k\u00e9rt aj\u00e1nlunk fel. H\u00edvom \u00e9s v\u00e1rom a kedves testv\u00e9reket, hogy egy\u00fctt&#8230;<\/p>\n","protected":false},"author":2,"featured_media":0,"comment_status":"closed","ping_status":"open","sticky":false,"template":"","format":"standard","meta":[],"categories":[2],"tags":[],"_links":{"self":[{"href":"https:\/\/szentistvan.dnyem.hu\/index.php?rest_route=\/wp\/v2\/posts\/1511"}],"collection":[{"href":"https:\/\/szentistvan.dnyem.hu\/index.php?rest_route=\/wp\/v2\/posts"}],"about":[{"href":"https:\/\/szentistvan.dnyem.hu\/index.php?rest_route=\/wp\/v2\/types\/post"}],"author":[{"embeddable":true,"href":"https:\/\/szentistvan.dnyem.hu\/index.php?rest_route=\/wp\/v2\/users\/2"}],"replies":[{"embeddable":true,"href":"https:\/\/szentistvan.dnyem.hu\/index.php?rest_route=%2Fwp%2Fv2%2Fcomments&post=1511"}],"version-history":[{"count":3,"href":"https:\/\/szentistvan.dnyem.hu\/index.php?rest_route=\/wp\/v2\/posts\/1511\/revisions"}],"predecessor-version":[{"id":1531,"href":"https:\/\/szentistvan.dnyem.hu\/index.php?rest_route=\/wp\/v2\/posts\/1511\/revisions\/1531"}],"wp:attachment":[{"href":"https:\/\/szentistvan.dnyem.hu\/index.php?rest_route=%2Fwp%2Fv2%2Fmedia&parent=1511"}],"wp:term":[{"taxonomy":"category","embeddable":true,"href":"https:\/\/szentistvan.dnyem.hu\/index.php?rest_route=%2Fwp%2Fv2%2Fcategories&post=1511"},{"taxonomy":"post_tag","embeddable":true,"href":"https:\/\/szentistvan.dnyem.hu\/index.php?rest_route=%2Fwp%2Fv2%2Ftags&post=1511"}],"curies":[{"name":"wp","href":"https:\/\/api.w.org\/{rel}","templated":true}]}}