{"id":1506,"date":"2017-08-26T22:02:52","date_gmt":"2017-08-26T20:02:52","guid":{"rendered":"http:\/\/szentistvan.dnyem.hu\/?p=1506"},"modified":"2017-09-02T21:08:24","modified_gmt":"2017-09-02T19:08:24","slug":"segitseg-a-tanev-elejen","status":"publish","type":"post","link":"https:\/\/szentistvan.dnyem.hu\/?p=1506","title":{"rendered":"Seg\u00edts\u00e9g a tan\u00e9v elej\u00e9n"},"content":{"rendered":"<p><strong>J\u00f3 \u00e1llapotban l\u00e9v\u0151 haszn\u00e1lt, vagy \u00faj tanszerek gy\u0171jt\u00e9s\u00e9t kezdj\u00fck el az \u00faj tan\u00e9vre.<\/strong><\/p>\n<p><strong>A tanszerek mellett p\u00e9nzbeli hozz\u00e1j\u00e1rul\u00e1st is szeretettel fogadunk a kedves Testv\u00e9rekt\u0151l.<\/strong> A gy\u0171jt\u00e9s\u00e9re szolg\u00e1l\u00f3 persely megtal\u00e1lhat\u00f3 a templom f\u0151bej\u00e1rat\u00e1n\u00e1l l\u00e9v\u0151 asztalon. A tanszerek leadhat\u00f3k a szentmis\u00e9k el\u0151tt \u00e9s ut\u00e1n a sekresty\u00e9ben.<\/p>\n<p>Az adom\u00e1nyok nagy seg\u00edts\u00e9get jelentenek, \u00e9s enyh\u00edtik azon sz\u00fcl\u0151k gondjait, akiknek valamilyen ok miatt neh\u00e9z a tan\u00e9vkezd\u00e9s.<\/p>\n<p><strong>H\u00e1l\u00e1san k\u00f6sz\u00f6nj\u00fck az eddig felaj\u00e1nlott adom\u00e1nyokat!<\/strong><\/p>\n","protected":false},"excerpt":{"rendered":"<p>J\u00f3 \u00e1llapotban l\u00e9v\u0151 haszn\u00e1lt, vagy \u00faj tanszerek gy\u0171jt\u00e9s\u00e9t kezdj\u00fck el az \u00faj tan\u00e9vre. A tanszerek mellett p\u00e9nzbeli hozz\u00e1j\u00e1rul\u00e1st is szeretettel fogadunk a kedves Testv\u00e9rekt\u0151l. A&#8230;<\/p>\n","protected":false},"author":2,"featured_media":0,"comment_status":"closed","ping_status":"open","sticky":false,"template":"","format":"standard","meta":[],"categories":[1],"tags":[],"_links":{"self":[{"href":"https:\/\/szentistvan.dnyem.hu\/index.php?rest_route=\/wp\/v2\/posts\/1506"}],"collection":[{"href":"https:\/\/szentistvan.dnyem.hu\/index.php?rest_route=\/wp\/v2\/posts"}],"about":[{"href":"https:\/\/szentistvan.dnyem.hu\/index.php?rest_route=\/wp\/v2\/types\/post"}],"author":[{"embeddable":true,"href":"https:\/\/szentistvan.dnyem.hu\/index.php?rest_route=\/wp\/v2\/users\/2"}],"replies":[{"embeddable":true,"href":"https:\/\/szentistvan.dnyem.hu\/index.php?rest_route=%2Fwp%2Fv2%2Fcomments&post=1506"}],"version-history":[{"count":3,"href":"https:\/\/szentistvan.dnyem.hu\/index.php?rest_route=\/wp\/v2\/posts\/1506\/revisions"}],"predecessor-version":[{"id":1517,"href":"https:\/\/szentistvan.dnyem.hu\/index.php?rest_route=\/wp\/v2\/posts\/1506\/revisions\/1517"}],"wp:attachment":[{"href":"https:\/\/szentistvan.dnyem.hu\/index.php?rest_route=%2Fwp%2Fv2%2Fmedia&parent=1506"}],"wp:term":[{"taxonomy":"category","embeddable":true,"href":"https:\/\/szentistvan.dnyem.hu\/index.php?rest_route=%2Fwp%2Fv2%2Fcategories&post=1506"},{"taxonomy":"post_tag","embeddable":true,"href":"https:\/\/szentistvan.dnyem.hu\/index.php?rest_route=%2Fwp%2Fv2%2Ftags&post=1506"}],"curies":[{"name":"wp","href":"https:\/\/api.w.org\/{rel}","templated":true}]}}