{"id":1501,"date":"2017-08-19T21:36:02","date_gmt":"2017-08-19T19:36:02","guid":{"rendered":"http:\/\/szentistvan.dnyem.hu\/?p=1501"},"modified":"2017-08-19T21:36:02","modified_gmt":"2017-08-19T19:36:02","slug":"imadkozzunk","status":"publish","type":"post","link":"https:\/\/szentistvan.dnyem.hu\/?p=1501","title":{"rendered":"Im\u00e1dkozzunk!"},"content":{"rendered":"<h3><a href=\"http:\/\/katolikus.hu\/szentek\/0820.html\">Szent Istv\u00e1n kir\u00e1ly<\/a> im\u00e1ja<\/h3>\n<p>A m\u00e9lys\u00e9gb\u0151l ki\u00e1ltok Hozz\u00e1d, hallgass meg Uram!<br \/>\nTan\u00edts meg, hogy kell k\u00f6nnyezni a meg nem \u00e9rdemelt \u00f6r\u00f6mben, s hogyan<br \/>\nkell \u00f6r\u00fclni a meg\u00e9rdemelt k\u00f6nnyben.<br \/>\nAdj er\u0151t, hogy kev\u00e9lys\u00e9gem csillog\u00e1s\u00e1t elhom\u00e1lyos\u00edtsam, s az al\u00e1zatoss\u00e1g<br \/>\nsz\u00edntelens\u00e9g\u00e9t okosan csillogtassam.<br \/>\nTan\u00edts meg, hogyan kell a gyeng\u00e9khez lehajolni,<br \/>\ns hogyan kell f\u00e9ktelen er\u0151vel<br \/>\negyenesen \u00e1llni.<br \/>\nAdj er\u0151t, hogy f\u00f6l\u00e9nyesen legy\u0151zzem a testet,<br \/>\ns al\u00e1zatosan megadjam magam a l\u00e9leknek.<br \/>\nTan\u00edts szel\u00edd sz\u00f3ra, ha b\u00e1nt\u00e1sok \u00e9rnek, s hideg mosolyra, ha jogtalan dics\u00e9rnek.<br \/>\nTan\u00edts meg lend\u00fclni, ha R\u00e1d tal\u00e1ltam, s hirtelen meg\u00e1llni, ha utat hib\u00e1ztam.<br \/>\nNe add meg mindig, amit nagyon k\u00e9rek.<br \/>\nTan\u00edts b\u00e1tor lenni, mikor nagyon f\u00e9lek.<br \/>\nEngedd a vil\u00e1got megvetve szeretni, csak magadat ne hagyd soha elfeledni.<br \/>\nEz a k\u00edv\u00e1ns\u00e1gom, ez maradjon v\u00e9gleg, de ha m\u00e1sk\u00e9nt sz\u00f3ln\u00e9k,<br \/>\nnagyon sz\u00e9pen k\u00e9rlek, ne neheztelj re\u00e1m, ne ford\u00edtsd el orc\u00e1d,<br \/>\nhiszen a m\u00e9lys\u00e9gb\u0151l ki\u00e1ltok fel Hozz\u00e1d!<\/p>\n<p>\u00c1men!<\/p>\n","protected":false},"excerpt":{"rendered":"<p>Szent Istv\u00e1n kir\u00e1ly im\u00e1ja A m\u00e9lys\u00e9gb\u0151l ki\u00e1ltok Hozz\u00e1d, hallgass meg Uram! Tan\u00edts meg, hogy kell k\u00f6nnyezni a meg nem \u00e9rdemelt \u00f6r\u00f6mben, s hogyan kell \u00f6r\u00fclni&#8230;<\/p>\n","protected":false},"author":2,"featured_media":0,"comment_status":"closed","ping_status":"open","sticky":false,"template":"","format":"standard","meta":[],"categories":[9],"tags":[],"_links":{"self":[{"href":"https:\/\/szentistvan.dnyem.hu\/index.php?rest_route=\/wp\/v2\/posts\/1501"}],"collection":[{"href":"https:\/\/szentistvan.dnyem.hu\/index.php?rest_route=\/wp\/v2\/posts"}],"about":[{"href":"https:\/\/szentistvan.dnyem.hu\/index.php?rest_route=\/wp\/v2\/types\/post"}],"author":[{"embeddable":true,"href":"https:\/\/szentistvan.dnyem.hu\/index.php?rest_route=\/wp\/v2\/users\/2"}],"replies":[{"embeddable":true,"href":"https:\/\/szentistvan.dnyem.hu\/index.php?rest_route=%2Fwp%2Fv2%2Fcomments&post=1501"}],"version-history":[{"count":2,"href":"https:\/\/szentistvan.dnyem.hu\/index.php?rest_route=\/wp\/v2\/posts\/1501\/revisions"}],"predecessor-version":[{"id":1503,"href":"https:\/\/szentistvan.dnyem.hu\/index.php?rest_route=\/wp\/v2\/posts\/1501\/revisions\/1503"}],"wp:attachment":[{"href":"https:\/\/szentistvan.dnyem.hu\/index.php?rest_route=%2Fwp%2Fv2%2Fmedia&parent=1501"}],"wp:term":[{"taxonomy":"category","embeddable":true,"href":"https:\/\/szentistvan.dnyem.hu\/index.php?rest_route=%2Fwp%2Fv2%2Fcategories&post=1501"},{"taxonomy":"post_tag","embeddable":true,"href":"https:\/\/szentistvan.dnyem.hu\/index.php?rest_route=%2Fwp%2Fv2%2Ftags&post=1501"}],"curies":[{"name":"wp","href":"https:\/\/api.w.org\/{rel}","templated":true}]}}